{"id":345,"date":"2008-03-24T14:05:17","date_gmt":"2008-03-24T13:05:17","guid":{"rendered":"http:\/\/www.cdlpv.org\/dtl\/?p=345"},"modified":"2008-03-24T14:05:17","modified_gmt":"2008-03-24T13:05:17","slug":"nova-etapa-de-llengua-i-us","status":"publish","type":"post","link":"https:\/\/www.cdlpv.org\/dtl\/2008\/03\/24\/nova-etapa-de-llengua-i-us\/","title":{"rendered":"Nova etapa de Llengua i \u00das"},"content":{"rendered":"<p>La revista <span style=\"font-style: italic;\">Llengua i \u00das<\/span> inicia una nova a partir del n\u00famero 40, que encara hem rebut impresa i per correu postal. A partir d&#8217;ara la revista es publicar\u00e0 en Internet i ser\u00e0 d&#8217;acc\u00e9s lliure i gratu\u00eft. Amb tot, si voleu rebre un av\u00eds quan aparega cada nou n\u00famero de la revista, nom\u00e9s cal que vos doneu d&#8217;alta en el <a title=\"sistema de gesti\u00f3 de butlletins\" target=\"_blank\" href=\"http:\/\/www.gencat.cat\/butlletins\" id=\"ypaz\">sistema de gesti\u00f3 de butlletins<\/a> de la Generalitat de Catalunya. Tamb\u00e9 podeu sol\u00b7licitar la subscripci\u00f3 o fer qualsevol suggeriment a la <a title=\"b\u00fastia\" target=\"_blank\" href=\"mailto:spl.vicepresidencia@gencat.net\" id=\"gjjk\">b\u00fastia<\/a> de la Secretaria de Pol\u00edtica Ling\u00fc\u00edstica.<\/p>\n<p>Podem destacar del n\u00famero 40, entre altres articles ben interessants, el de Jordi Ginebra, \u00abUna primera an\u00e0lisi del DIEC2\u00bb, que tracta les millores que aporta la nova edici\u00f3 del diccionari de l&#8217;<span class=\"versaleta\">iec<\/span> i els punts que encara s\u00f3n millorables.<\/p>\n","protected":false},"excerpt":{"rendered":"<p>La revista Llengua i \u00das inicia una nova a partir del n\u00famero 40, que encara hem rebut impresa i per correu postal. A partir d&#8217;ara la revista es publicar\u00e0 en Internet i ser\u00e0 d&#8217;acc\u00e9s lliure i gratu\u00eft. Amb tot, si voleu rebre un av\u00eds quan aparega cada nou n\u00famero de la revista, nom\u00e9s cal que [&hellip;]<\/p>\n","protected":false},"author":2,"featured_media":0,"comment_status":"open","ping_status":"open","sticky":false,"template":"","format":"standard","meta":{"footnotes":""},"categories":[2,3,1],"tags":[283,417],"class_list":["post-345","post","type-post","status-publish","format-standard","hentry","category-comunicacio","category-documentacio","category-general","tag-llengua-i-us","tag-revistes"],"_links":{"self":[{"href":"https:\/\/www.cdlpv.org\/dtl\/wp-json\/wp\/v2\/posts\/345","targetHints":{"allow":["GET"]}}],"collection":[{"href":"https:\/\/www.cdlpv.org\/dtl\/wp-json\/wp\/v2\/posts"}],"about":[{"href":"https:\/\/www.cdlpv.org\/dtl\/wp-json\/wp\/v2\/types\/post"}],"author":[{"embeddable":true,"href":"https:\/\/www.cdlpv.org\/dtl\/wp-json\/wp\/v2\/users\/2"}],"replies":[{"embeddable":true,"href":"https:\/\/www.cdlpv.org\/dtl\/wp-json\/wp\/v2\/comments?post=345"}],"version-history":[{"count":0,"href":"https:\/\/www.cdlpv.org\/dtl\/wp-json\/wp\/v2\/posts\/345\/revisions"}],"wp:attachment":[{"href":"https:\/\/www.cdlpv.org\/dtl\/wp-json\/wp\/v2\/media?parent=345"}],"wp:term":[{"taxonomy":"category","embeddable":true,"href":"https:\/\/www.cdlpv.org\/dtl\/wp-json\/wp\/v2\/categories?post=345"},{"taxonomy":"post_tag","embeddable":true,"href":"https:\/\/www.cdlpv.org\/dtl\/wp-json\/wp\/v2\/tags?post=345"}],"curies":[{"name":"wp","href":"https:\/\/api.w.org\/{rel}","templated":true}]}}