{"id":344,"date":"2008-03-22T12:48:07","date_gmt":"2008-03-22T11:48:07","guid":{"rendered":"http:\/\/www.cdlpv.org\/dtl\/?p=344"},"modified":"2008-03-22T12:48:07","modified_gmt":"2008-03-22T11:48:07","slug":"oferta-a-la-universitat-ramon-llull","status":"publish","type":"post","link":"https:\/\/www.cdlpv.org\/dtl\/2008\/03\/22\/oferta-a-la-universitat-ramon-llull\/","title":{"rendered":"Oferta a la Universitat Ramon Llull"},"content":{"rendered":"<p>Xavier Rull envia a trav\u00e9s d&#8217;InfoZ\u00e8fir l&#8217;oferta seg\u00fcent:<\/p>\n<blockquote><p>\nEl Servei de Lleng\u00fces de la Universitat Ramon Llull busca un\/a professor\/a de catal\u00e0. Els interessats podeu enviar el curr\u00edculum i demanar-ne m\u00e9s detalls a:<\/p>\n<p>Teresa Arnal<br \/>\n<a href=\"mailto:MariaTeresaAA@blanquerna.url.edu\">MariaTeresaAA@blanquerna.url.edu<\/a><\/p><\/blockquote>\n","protected":false},"excerpt":{"rendered":"<p>Xavier Rull envia a trav\u00e9s d&#8217;InfoZ\u00e8fir l&#8217;oferta seg\u00fcent: El Servei de Lleng\u00fces de la Universitat Ramon Llull busca un\/a professor\/a de catal\u00e0. Els interessats podeu enviar el curr\u00edculum i demanar-ne m\u00e9s detalls a: Teresa Arnal MariaTeresaAA@blanquerna.url.edu<\/p>\n","protected":false},"author":2,"featured_media":0,"comment_status":"open","ping_status":"open","sticky":false,"template":"","format":"standard","meta":{"footnotes":""},"categories":[1,15],"tags":[109,133],"class_list":["post-344","post","type-post","status-publish","format-standard","hentry","category-general","category-laboral","tag-concursos","tag-curriculums"],"_links":{"self":[{"href":"https:\/\/www.cdlpv.org\/dtl\/wp-json\/wp\/v2\/posts\/344","targetHints":{"allow":["GET"]}}],"collection":[{"href":"https:\/\/www.cdlpv.org\/dtl\/wp-json\/wp\/v2\/posts"}],"about":[{"href":"https:\/\/www.cdlpv.org\/dtl\/wp-json\/wp\/v2\/types\/post"}],"author":[{"embeddable":true,"href":"https:\/\/www.cdlpv.org\/dtl\/wp-json\/wp\/v2\/users\/2"}],"replies":[{"embeddable":true,"href":"https:\/\/www.cdlpv.org\/dtl\/wp-json\/wp\/v2\/comments?post=344"}],"version-history":[{"count":0,"href":"https:\/\/www.cdlpv.org\/dtl\/wp-json\/wp\/v2\/posts\/344\/revisions"}],"wp:attachment":[{"href":"https:\/\/www.cdlpv.org\/dtl\/wp-json\/wp\/v2\/media?parent=344"}],"wp:term":[{"taxonomy":"category","embeddable":true,"href":"https:\/\/www.cdlpv.org\/dtl\/wp-json\/wp\/v2\/categories?post=344"},{"taxonomy":"post_tag","embeddable":true,"href":"https:\/\/www.cdlpv.org\/dtl\/wp-json\/wp\/v2\/tags?post=344"}],"curies":[{"name":"wp","href":"https:\/\/api.w.org\/{rel}","templated":true}]}}