{"id":3438,"date":"2019-04-15T11:53:47","date_gmt":"2019-04-15T10:53:47","guid":{"rendered":"http:\/\/www.cdlpv.org\/dtl\/?p=3438"},"modified":"2019-04-15T11:53:47","modified_gmt":"2019-04-15T10:53:47","slug":"denominacions-oficials-castello-de-la-plana","status":"publish","type":"post","link":"https:\/\/www.cdlpv.org\/dtl\/2019\/04\/15\/denominacions-oficials-castello-de-la-plana\/","title":{"rendered":"Denominacions oficials: Castell\u00f3 de la Plana"},"content":{"rendered":"<p>El municipi de\u00a0Castell\u00f3 de la Plana\u00a0ha fixat la forma oficial del seu nom (<em>BOE<\/em> 90,\u00a0<a href=\"https:\/\/www.boe.es\/diario_boe\/txt.php?id=BOE-A-2019-5721\" target=\"_blank\" rel=\"noopener\">11.10.2018<\/a>):<\/p>\n<blockquote><p>Decret 40\/2019, de 22 de mar\u00e7, del Consell, d&#8217;aprovaci\u00f3 del canvi de denominaci\u00f3 del municipi de Castell\u00f3 de la Plana\/Castell\u00f3n de la Plana per la forma exclusiva en valenci\u00e0 \u00abCastell\u00f3 de la Plana\u00bb.<\/p><\/blockquote>\n","protected":false},"excerpt":{"rendered":"<p>El municipi de\u00a0Castell\u00f3 de la Plana\u00a0ha fixat la forma oficial del seu nom (BOE 90,\u00a011.10.2018): Decret 40\/2019, de 22 de mar\u00e7, del Consell, d&#8217;aprovaci\u00f3 del canvi de denominaci\u00f3 del municipi de Castell\u00f3 de la Plana\/Castell\u00f3n de la Plana per la forma exclusiva en valenci\u00e0 \u00abCastell\u00f3 de la Plana\u00bb.<\/p>\n","protected":false},"author":56,"featured_media":0,"comment_status":"open","ping_status":"open","sticky":false,"template":"","format":"standard","meta":{"footnotes":""},"categories":[32],"tags":[50],"class_list":["post-3438","post","type-post","status-publish","format-standard","hentry","category-toponimia","tag-administracio-local"],"_links":{"self":[{"href":"https:\/\/www.cdlpv.org\/dtl\/wp-json\/wp\/v2\/posts\/3438","targetHints":{"allow":["GET"]}}],"collection":[{"href":"https:\/\/www.cdlpv.org\/dtl\/wp-json\/wp\/v2\/posts"}],"about":[{"href":"https:\/\/www.cdlpv.org\/dtl\/wp-json\/wp\/v2\/types\/post"}],"author":[{"embeddable":true,"href":"https:\/\/www.cdlpv.org\/dtl\/wp-json\/wp\/v2\/users\/56"}],"replies":[{"embeddable":true,"href":"https:\/\/www.cdlpv.org\/dtl\/wp-json\/wp\/v2\/comments?post=3438"}],"version-history":[{"count":1,"href":"https:\/\/www.cdlpv.org\/dtl\/wp-json\/wp\/v2\/posts\/3438\/revisions"}],"predecessor-version":[{"id":3439,"href":"https:\/\/www.cdlpv.org\/dtl\/wp-json\/wp\/v2\/posts\/3438\/revisions\/3439"}],"wp:attachment":[{"href":"https:\/\/www.cdlpv.org\/dtl\/wp-json\/wp\/v2\/media?parent=3438"}],"wp:term":[{"taxonomy":"category","embeddable":true,"href":"https:\/\/www.cdlpv.org\/dtl\/wp-json\/wp\/v2\/categories?post=3438"},{"taxonomy":"post_tag","embeddable":true,"href":"https:\/\/www.cdlpv.org\/dtl\/wp-json\/wp\/v2\/tags?post=3438"}],"curies":[{"name":"wp","href":"https:\/\/api.w.org\/{rel}","templated":true}]}}