{"id":3433,"date":"2019-04-10T13:00:08","date_gmt":"2019-04-10T12:00:08","guid":{"rendered":"http:\/\/www.cdlpv.org\/dtl\/?p=3433"},"modified":"2019-04-10T11:35:19","modified_gmt":"2019-04-10T10:35:19","slug":"proposta-lexica-de-liec-per-a-lus-general","status":"publish","type":"post","link":"https:\/\/www.cdlpv.org\/dtl\/2019\/04\/10\/proposta-lexica-de-liec-per-a-lus-general\/","title":{"rendered":"Proposta l\u00e8xica de l&#8217;IEC per a l&#8217;\u00fas general"},"content":{"rendered":"<p>Al cap d&#8217;unes d\u00e8cades, despr\u00e9s de les propostes 1 (fon\u00e8tica, 1999; <a href=\"https:\/\/publicacions.iec.cat\/repository\/pdf\/00000039\/00000072.pdf\" target=\"_blank\" rel=\"noopener\">[PDF]<\/a>)\u00a0i 2 (morfologia, 1999; <a href=\"https:\/\/publicacions.iec.cat\/repository\/pdf\/00000039\/00000073.pdf\" target=\"_blank\" rel=\"noopener\">[PDF]<\/a>),\u00a0arriba el document \u00abProposta per a un est\u00e0ndard oral de la llengua catalana, III. L\u00e8xic\u00bb de l&#8217;Institut d&#8217;Estudis Catalans,\u00a0amb <a href=\"https:\/\/estandard-oral.llocs.iec.cat\/\" target=\"_blank\" rel=\"noopener\">web propi<\/a> i en format PDF:<\/p>\n<p><a href=\"https:\/\/estandard-oral.llocs.iec.cat\/\"><img loading=\"lazy\" decoding=\"async\" id=\"logo\" class=\"aligncenter\" src=\"https:\/\/estandard-oral.llocs.iec.cat\/wp-content\/uploads\/sites\/14\/2019\/03\/PEO3ambLogoIEC.png\" alt=\"Est\u00e0ndard oral\" width=\"472\" height=\"83\" data-actual-height=\"225\" data-actual-width=\"1280\" data-height-percentage=\"60\" \/><\/a><\/p>\n<p>En el moment que escrivim este apunt, el cercador del web de la proposta no funciona, per\u00f2 els documents en PDF s\u00f3n accessibles i \u00e9s poden descarregar.<\/p>\n","protected":false},"excerpt":{"rendered":"<p>Al cap d&#8217;unes d\u00e8cades, despr\u00e9s de les propostes 1 (fon\u00e8tica, 1999; [PDF])\u00a0i 2 (morfologia, 1999; [PDF]),\u00a0arriba el document \u00abProposta per a un est\u00e0ndard oral de la llengua catalana, III. L\u00e8xic\u00bb de l&#8217;Institut d&#8217;Estudis Catalans,\u00a0amb web propi i en format PDF: En el moment que escrivim este apunt, el cercador del web de la proposta no [&hellip;]<\/p>\n","protected":false},"author":56,"featured_media":0,"comment_status":"open","ping_status":"open","sticky":false,"template":"","format":"standard","meta":{"footnotes":""},"categories":[528,3,46],"tags":[527],"class_list":["post-3433","post","type-post","status-publish","format-standard","hentry","category-criteris","category-documentacio","category-iec","tag-lexic"],"_links":{"self":[{"href":"https:\/\/www.cdlpv.org\/dtl\/wp-json\/wp\/v2\/posts\/3433","targetHints":{"allow":["GET"]}}],"collection":[{"href":"https:\/\/www.cdlpv.org\/dtl\/wp-json\/wp\/v2\/posts"}],"about":[{"href":"https:\/\/www.cdlpv.org\/dtl\/wp-json\/wp\/v2\/types\/post"}],"author":[{"embeddable":true,"href":"https:\/\/www.cdlpv.org\/dtl\/wp-json\/wp\/v2\/users\/56"}],"replies":[{"embeddable":true,"href":"https:\/\/www.cdlpv.org\/dtl\/wp-json\/wp\/v2\/comments?post=3433"}],"version-history":[{"count":2,"href":"https:\/\/www.cdlpv.org\/dtl\/wp-json\/wp\/v2\/posts\/3433\/revisions"}],"predecessor-version":[{"id":3435,"href":"https:\/\/www.cdlpv.org\/dtl\/wp-json\/wp\/v2\/posts\/3433\/revisions\/3435"}],"wp:attachment":[{"href":"https:\/\/www.cdlpv.org\/dtl\/wp-json\/wp\/v2\/media?parent=3433"}],"wp:term":[{"taxonomy":"category","embeddable":true,"href":"https:\/\/www.cdlpv.org\/dtl\/wp-json\/wp\/v2\/categories?post=3433"},{"taxonomy":"post_tag","embeddable":true,"href":"https:\/\/www.cdlpv.org\/dtl\/wp-json\/wp\/v2\/tags?post=3433"}],"curies":[{"name":"wp","href":"https:\/\/api.w.org\/{rel}","templated":true}]}}