{"id":343,"date":"2008-03-19T15:16:34","date_gmt":"2008-03-19T14:16:34","guid":{"rendered":"http:\/\/www.cdlpv.org\/dtl\/?p=343"},"modified":"2008-03-19T15:16:34","modified_gmt":"2008-03-19T14:16:34","slug":"subvencions-a-publicacions-periodiques","status":"publish","type":"post","link":"https:\/\/www.cdlpv.org\/dtl\/2008\/03\/19\/subvencions-a-publicacions-periodiques\/","title":{"rendered":"Subvencions a publicacions peri\u00f2diques"},"content":{"rendered":"<p>Magdalena Ramon informa a trav\u00e9s d&#8217;InfoZ\u00e8fir de la convocat\u00f2ria seg\u00fcent:<\/p>\n<blockquote><p>La Direcci\u00f3 Insular de Pol\u00edtica Ling\u00fc\u00edstica del Consell de Mallorca, amb la voluntat d\u2019impulsar l\u2019\u00fas de la llengua catalana, dedica una atenci\u00f3 especial a les publicacions peri\u00f2diques. Per aix\u00f2 convoca subvencions per a butlletins i revistes en catal\u00e0. S\u2019hi poden acollir les associacions de ve\u00efns i les federacions d&#8217;associacions de ve\u00efns, i tamb\u00e9 les entitats associatives sense finalitat de lucre.<\/p>\n<p>El termini de sol\u00b7licitud acaba dia 19 de maig de 2008.<\/p>\n<p>Per a m\u00e9s informaci\u00f3, contactau amb el Servei de Normalitzaci\u00f3 Ling\u00fc\u00edstica del Consell de Mallorca (Ant\u00f2nia Rulla; tel. 971 219 581).<\/p>\n<p>Font: Servei de Normalitzaci\u00f3 Ling\u00fc\u00edstica del Consell de Mallorca<\/p><\/blockquote>\n","protected":false},"excerpt":{"rendered":"<p>Magdalena Ramon informa a trav\u00e9s d&#8217;InfoZ\u00e8fir de la convocat\u00f2ria seg\u00fcent: La Direcci\u00f3 Insular de Pol\u00edtica Ling\u00fc\u00edstica del Consell de Mallorca, amb la voluntat d\u2019impulsar l\u2019\u00fas de la llengua catalana, dedica una atenci\u00f3 especial a les publicacions peri\u00f2diques. Per aix\u00f2 convoca subvencions per a butlletins i revistes en catal\u00e0. S\u2019hi poden acollir les associacions de ve\u00efns [&hellip;]<\/p>\n","protected":false},"author":2,"featured_media":0,"comment_status":"open","ping_status":"open","sticky":false,"template":"","format":"standard","meta":{"footnotes":""},"categories":[1,28],"tags":[51,298,392],"class_list":["post-343","post","type-post","status-publish","format-standard","hentry","category-general","category-subvencions","tag-ajudes","tag-mallorca","tag-publicacions"],"_links":{"self":[{"href":"https:\/\/www.cdlpv.org\/dtl\/wp-json\/wp\/v2\/posts\/343","targetHints":{"allow":["GET"]}}],"collection":[{"href":"https:\/\/www.cdlpv.org\/dtl\/wp-json\/wp\/v2\/posts"}],"about":[{"href":"https:\/\/www.cdlpv.org\/dtl\/wp-json\/wp\/v2\/types\/post"}],"author":[{"embeddable":true,"href":"https:\/\/www.cdlpv.org\/dtl\/wp-json\/wp\/v2\/users\/2"}],"replies":[{"embeddable":true,"href":"https:\/\/www.cdlpv.org\/dtl\/wp-json\/wp\/v2\/comments?post=343"}],"version-history":[{"count":0,"href":"https:\/\/www.cdlpv.org\/dtl\/wp-json\/wp\/v2\/posts\/343\/revisions"}],"wp:attachment":[{"href":"https:\/\/www.cdlpv.org\/dtl\/wp-json\/wp\/v2\/media?parent=343"}],"wp:term":[{"taxonomy":"category","embeddable":true,"href":"https:\/\/www.cdlpv.org\/dtl\/wp-json\/wp\/v2\/categories?post=343"},{"taxonomy":"post_tag","embeddable":true,"href":"https:\/\/www.cdlpv.org\/dtl\/wp-json\/wp\/v2\/tags?post=343"}],"curies":[{"name":"wp","href":"https:\/\/api.w.org\/{rel}","templated":true}]}}