{"id":3427,"date":"2019-03-29T15:30:17","date_gmt":"2019-03-29T14:30:17","guid":{"rendered":"http:\/\/www.cdlpv.org\/dtl\/?p=3427"},"modified":"2019-04-10T11:38:09","modified_gmt":"2019-04-10T10:38:09","slug":"el-manual-esdeve-digital","status":"publish","type":"post","link":"https:\/\/www.cdlpv.org\/dtl\/2019\/03\/29\/el-manual-esdeve-digital\/","title":{"rendered":"El manual esdev\u00e9 digital"},"content":{"rendered":"<p>Un cl\u00e0ssic de refer\u00e8ncia en catal\u00e0, el <em>Manual d&#8217;estil. La redacci\u00f3 i l&#8217;edici\u00f3 de textos<\/em> de Josep M. Mestres, Joan Costa, Mireia Oliva i Ricard Fit\u00e9, apareix ara, gr\u00e0cies al suport de l&#8217;Institut d&#8217;Estudis Catalans,\u00a0com a obra en\u00a0l\u00ednia; a m\u00e9s, es tracta d&#8217;una\u00a0versi\u00f3 corregida, ampliada i en actualitzaci\u00f3 permanent, segons expressen els autors en el pr\u00f2leg:<\/p>\n<blockquote><p>No ens hem volgut limitar a reproduir en l\u00ednia la quarta edici\u00f3, que ja t\u00e9 deu anys, sin\u00f3 que, en la mesura que ens hi vegem amb cor els autors, hi volem afegir continguts actualitzats i continguts nous perqu\u00e8 el manual d\u2019estil pugui continuar essent l\u2019obra de refer\u00e8ncia que ha estat fins ara.<\/p><\/blockquote>\n<figure id=\"attachment_3428\" aria-describedby=\"caption-attachment-3428\" style=\"width: 300px\" class=\"wp-caption aligncenter\"><a href=\"https:\/\/estil.llocs.iec.cat\/\" target=\"_blank\" rel=\"noopener\"><img loading=\"lazy\" decoding=\"async\" class=\"wp-image-3428 size-medium\" src=\"http:\/\/www.cdlpv.org\/dtl\/wp-content\/uploads\/2019\/03\/manual1-300x279.jpg\" alt=\"Mestil\" width=\"300\" height=\"279\" srcset=\"https:\/\/www.cdlpv.org\/dtl\/wp-content\/uploads\/2019\/03\/manual1-300x279.jpg 300w, https:\/\/www.cdlpv.org\/dtl\/wp-content\/uploads\/2019\/03\/manual1-150x140.jpg 150w, https:\/\/www.cdlpv.org\/dtl\/wp-content\/uploads\/2019\/03\/manual1-400x372.jpg 400w, https:\/\/www.cdlpv.org\/dtl\/wp-content\/uploads\/2019\/03\/manual1.jpg 620w\" sizes=\"auto, (max-width: 300px) 100vw, 300px\" \/><\/a><figcaption id=\"caption-attachment-3428\" class=\"wp-caption-text\">La portada de l&#8217;edici\u00f3 digital\u00a0conserva la imatge de la coberta del llibre en paper.<\/figcaption><\/figure>\n<p>Per tant, d&#8217;ara en avant, el <a href=\"https:\/\/estil.llocs.iec.cat\/\" target=\"_blank\" rel=\"noopener\">web de l&#8217;obra<\/a>, a m\u00e9s \u2014tot i el fons blanc de la pantalla que, a la llarga, tant mos fa plorar\u2014 segur que es convertir\u00e0 en un recurs igualment indispensable per als t\u00e8cnics ling\u00fc\u00edstics.<\/p>\n","protected":false},"excerpt":{"rendered":"<p>Un cl\u00e0ssic de refer\u00e8ncia en catal\u00e0, el Manual d&#8217;estil. La redacci\u00f3 i l&#8217;edici\u00f3 de textos de Josep M. Mestres, Joan Costa, Mireia Oliva i Ricard Fit\u00e9, apareix ara, gr\u00e0cies al suport de l&#8217;Institut d&#8217;Estudis Catalans,\u00a0com a obra en\u00a0l\u00ednia; a m\u00e9s, es tracta d&#8217;una\u00a0versi\u00f3 corregida, ampliada i en actualitzaci\u00f3 permanent, segons expressen els autors en el [&hellip;]<\/p>\n","protected":false},"author":56,"featured_media":0,"comment_status":"open","ping_status":"open","sticky":false,"template":"","format":"standard","meta":{"footnotes":""},"categories":[528,5,46],"tags":[300],"class_list":["post-3427","post","type-post","status-publish","format-standard","hentry","category-criteris","category-edicio","category-iec","tag-manuals"],"_links":{"self":[{"href":"https:\/\/www.cdlpv.org\/dtl\/wp-json\/wp\/v2\/posts\/3427","targetHints":{"allow":["GET"]}}],"collection":[{"href":"https:\/\/www.cdlpv.org\/dtl\/wp-json\/wp\/v2\/posts"}],"about":[{"href":"https:\/\/www.cdlpv.org\/dtl\/wp-json\/wp\/v2\/types\/post"}],"author":[{"embeddable":true,"href":"https:\/\/www.cdlpv.org\/dtl\/wp-json\/wp\/v2\/users\/56"}],"replies":[{"embeddable":true,"href":"https:\/\/www.cdlpv.org\/dtl\/wp-json\/wp\/v2\/comments?post=3427"}],"version-history":[{"count":3,"href":"https:\/\/www.cdlpv.org\/dtl\/wp-json\/wp\/v2\/posts\/3427\/revisions"}],"predecessor-version":[{"id":3436,"href":"https:\/\/www.cdlpv.org\/dtl\/wp-json\/wp\/v2\/posts\/3427\/revisions\/3436"}],"wp:attachment":[{"href":"https:\/\/www.cdlpv.org\/dtl\/wp-json\/wp\/v2\/media?parent=3427"}],"wp:term":[{"taxonomy":"category","embeddable":true,"href":"https:\/\/www.cdlpv.org\/dtl\/wp-json\/wp\/v2\/categories?post=3427"},{"taxonomy":"post_tag","embeddable":true,"href":"https:\/\/www.cdlpv.org\/dtl\/wp-json\/wp\/v2\/tags?post=3427"}],"curies":[{"name":"wp","href":"https:\/\/api.w.org\/{rel}","templated":true}]}}