{"id":3422,"date":"2019-02-20T19:22:29","date_gmt":"2019-02-20T18:22:29","guid":{"rendered":"http:\/\/www.cdlpv.org\/dtl\/?p=3422"},"modified":"2019-02-20T19:22:29","modified_gmt":"2019-02-20T18:22:29","slug":"queixa-201811449-web-de-livia","status":"publish","type":"post","link":"https:\/\/www.cdlpv.org\/dtl\/2019\/02\/20\/queixa-201811449-web-de-livia\/","title":{"rendered":"Queixa 201811449: web de l&#8217;IVIA"},"content":{"rendered":"<p>El s\u00edndic tanca la queixa\u00a0201811449 vist que el director de l&#8217;IVIA indica que durant els pr\u00f2xims mesos hi haur\u00e0 versi\u00f3 en valenci\u00e0 d&#8217;un <a href=\"http:\/\/gipcitricos.ivia.es\/\" target=\"_blank\" rel=\"noopener\">web<\/a> seu sobre gesti\u00f3 integrada de plagues i malalties en c\u00edtrics.<\/p>\n<p>Resulta cansat i lamentable que les administracions p\u00fabliques valencianes no apliquen encara cap protocol d&#8217;actuaci\u00f3 contra la discriminaci\u00f3 ling\u00fc\u00edstica. Com que aix\u00f2 va aixina, anem posant queixes davant el S\u00edndic de Greuges (en podeu vore un bon grapat en la secci\u00f3 <a href=\"http:\/\/www.cdlpv.org\/dtl\/greuges\/\" target=\"_blank\" rel=\"noopener\">\u00abGreuges\u00bb<\/a> del <em>DTL<\/em>).<\/p>\n","protected":false},"excerpt":{"rendered":"<p>El s\u00edndic tanca la queixa\u00a0201811449 vist que el director de l&#8217;IVIA indica que durant els pr\u00f2xims mesos hi haur\u00e0 versi\u00f3 en valenci\u00e0 d&#8217;un web seu sobre gesti\u00f3 integrada de plagues i malalties en c\u00edtrics. Resulta cansat i lamentable que les administracions p\u00fabliques valencianes no apliquen encara cap protocol d&#8217;actuaci\u00f3 contra la discriminaci\u00f3 ling\u00fc\u00edstica. Com que [&hellip;]<\/p>\n","protected":false},"author":56,"featured_media":0,"comment_status":"open","ping_status":"open","sticky":false,"template":"","format":"standard","meta":{"footnotes":""},"categories":[4,47,19,26],"tags":[224,395],"class_list":["post-3422","post","type-post","status-publish","format-standard","hentry","category-dret","category-planificacio","category-politica","category-serveis-linguistics","tag-generalitat-valenciana","tag-queixes"],"_links":{"self":[{"href":"https:\/\/www.cdlpv.org\/dtl\/wp-json\/wp\/v2\/posts\/3422","targetHints":{"allow":["GET"]}}],"collection":[{"href":"https:\/\/www.cdlpv.org\/dtl\/wp-json\/wp\/v2\/posts"}],"about":[{"href":"https:\/\/www.cdlpv.org\/dtl\/wp-json\/wp\/v2\/types\/post"}],"author":[{"embeddable":true,"href":"https:\/\/www.cdlpv.org\/dtl\/wp-json\/wp\/v2\/users\/56"}],"replies":[{"embeddable":true,"href":"https:\/\/www.cdlpv.org\/dtl\/wp-json\/wp\/v2\/comments?post=3422"}],"version-history":[{"count":1,"href":"https:\/\/www.cdlpv.org\/dtl\/wp-json\/wp\/v2\/posts\/3422\/revisions"}],"predecessor-version":[{"id":3423,"href":"https:\/\/www.cdlpv.org\/dtl\/wp-json\/wp\/v2\/posts\/3422\/revisions\/3423"}],"wp:attachment":[{"href":"https:\/\/www.cdlpv.org\/dtl\/wp-json\/wp\/v2\/media?parent=3422"}],"wp:term":[{"taxonomy":"category","embeddable":true,"href":"https:\/\/www.cdlpv.org\/dtl\/wp-json\/wp\/v2\/categories?post=3422"},{"taxonomy":"post_tag","embeddable":true,"href":"https:\/\/www.cdlpv.org\/dtl\/wp-json\/wp\/v2\/tags?post=3422"}],"curies":[{"name":"wp","href":"https:\/\/api.w.org\/{rel}","templated":true}]}}