{"id":342,"date":"2008-03-19T03:03:58","date_gmt":"2008-03-19T02:03:58","guid":{"rendered":"http:\/\/www.cdlpv.org\/dtl\/?p=342"},"modified":"2008-03-19T03:03:58","modified_gmt":"2008-03-19T02:03:58","slug":"la-llengua-com-a-font-de-valor","status":"publish","type":"post","link":"https:\/\/www.cdlpv.org\/dtl\/2008\/03\/19\/la-llengua-com-a-font-de-valor\/","title":{"rendered":"La llengua com a font de valor"},"content":{"rendered":"<p>La llengua \u00e9s un instrument de comunicaci\u00f3&#8230; S\u00ed, per\u00f2 tamb\u00e9 \u00e9s un \u00abactiu estrat\u00e8gic\u00bb, segons la ressenya \u00abLa lengua como activo estrat\u00e9gico\u00bb feta per Emilio Ontiveros (<em>El Pa\u00eds<\/em>, <a href=\"http:\/\/www.elpais.com\/articulo\/semana\/lengua\/activo\/estrategico\/elpepueconeg\/20080210elpneglse_6\/Tes\/\" target=\"_blank\">10.02.2008<\/a> dg.) del llibre de Jos\u00e9 Luis Garc\u00eda Delgado i Juan Carlos Jim\u00e9nez <em>Econom\u00eda del espa\u00f1ol: una introducci\u00f3<\/em> (editorial Ariel). Destaquem dos fragments de la ressenya:<\/p>\n<blockquote>[&#8230;] Este primer volum, de car\u00e0cter fonamentalment introductori i metodol\u00f2gic, tracta, en primer lloc, de posar les bases per a la comprensi\u00f3 de la naturalesa econ\u00f2mica de la llengua (els trets espec\u00edfics com a recurs econ\u00f2mic) i de descriure els instruments adequats per a eixa complexa valoraci\u00f3.<\/p>\n[&#8230;] Una part majorit\u00e0ria de l&#8217;estoc d&#8217;inversi\u00f3 estrangera directa de l&#8217;economia espanyola continua estant en pa\u00efsos amb els quals es compartix eixe actiu, un mateix de vehicle de comunicaci\u00f3. Una dimensi\u00f3 que no s&#8217;exhaurix en la facilitat que suposa eixa relaci\u00f3 mercantil entre pa\u00efsos, sin\u00f3 en la possibilitat d&#8217;articular al seu voltant possibilitats d&#8217;enfortiment del capital social, per a consolidar, en definitiva, la confian\u00e7a entre nacions diferents.<\/p><\/blockquote>\n<p>No cal dir que tamb\u00e9 haur\u00edem de poder considerar el catal\u00e0 \u00abcom a font de valor\u00bb, amb m\u00e9s facilitat encara a causa dels menors impediments orogr\u00e0fics i les facilitats de relaci\u00f3 en un mateix espai econ\u00f2mic. I seria ben interessant que an\u00e0rem m\u00e9s enll\u00e0 de l&#8217;exacerbaci\u00f3 identit\u00e0ria que aparenten de tant en tant alguns sectors pol\u00edtics.<\/p>\n","protected":false},"excerpt":{"rendered":"<p>La llengua \u00e9s un instrument de comunicaci\u00f3&#8230; S\u00ed, per\u00f2 tamb\u00e9 \u00e9s un \u00abactiu estrat\u00e8gic\u00bb, segons la ressenya \u00abLa lengua como activo estrat\u00e9gico\u00bb feta per Emilio Ontiveros (El Pa\u00eds, 10.02.2008 dg.) del llibre de Jos\u00e9 Luis Garc\u00eda Delgado i Juan Carlos Jim\u00e9nez Econom\u00eda del espa\u00f1ol: una introducci\u00f3 (editorial Ariel). Destaquem dos fragments de la ressenya: [&#8230;] [&hellip;]<\/p>\n","protected":false},"author":2,"featured_media":0,"comment_status":"open","ping_status":"open","sticky":false,"template":"","format":"standard","meta":{"footnotes":""},"categories":[2,7,1,47],"tags":[162,185,291],"class_list":["post-342","post","type-post","status-publish","format-standard","hentry","category-comunicacio","category-empreses","category-general","category-planificacio","tag-economia","tag-espanyol","tag-llibres"],"_links":{"self":[{"href":"https:\/\/www.cdlpv.org\/dtl\/wp-json\/wp\/v2\/posts\/342","targetHints":{"allow":["GET"]}}],"collection":[{"href":"https:\/\/www.cdlpv.org\/dtl\/wp-json\/wp\/v2\/posts"}],"about":[{"href":"https:\/\/www.cdlpv.org\/dtl\/wp-json\/wp\/v2\/types\/post"}],"author":[{"embeddable":true,"href":"https:\/\/www.cdlpv.org\/dtl\/wp-json\/wp\/v2\/users\/2"}],"replies":[{"embeddable":true,"href":"https:\/\/www.cdlpv.org\/dtl\/wp-json\/wp\/v2\/comments?post=342"}],"version-history":[{"count":0,"href":"https:\/\/www.cdlpv.org\/dtl\/wp-json\/wp\/v2\/posts\/342\/revisions"}],"wp:attachment":[{"href":"https:\/\/www.cdlpv.org\/dtl\/wp-json\/wp\/v2\/media?parent=342"}],"wp:term":[{"taxonomy":"category","embeddable":true,"href":"https:\/\/www.cdlpv.org\/dtl\/wp-json\/wp\/v2\/categories?post=342"},{"taxonomy":"post_tag","embeddable":true,"href":"https:\/\/www.cdlpv.org\/dtl\/wp-json\/wp\/v2\/tags?post=342"}],"curies":[{"name":"wp","href":"https:\/\/api.w.org\/{rel}","templated":true}]}}