{"id":3415,"date":"2019-01-25T20:30:49","date_gmt":"2019-01-25T19:30:49","guid":{"rendered":"http:\/\/www.cdlpv.org\/dtl\/?p=3415"},"modified":"2019-01-25T19:06:29","modified_gmt":"2019-01-25T18:06:29","slug":"sense-seguretat-linguistica","status":"publish","type":"post","link":"https:\/\/www.cdlpv.org\/dtl\/2019\/01\/25\/sense-seguretat-linguistica\/","title":{"rendered":"Sense seguretat ling\u00fc\u00edstica"},"content":{"rendered":"<p>Els mitjans s&#8217;han fet ress\u00f2 d&#8217;un fet anecd\u00f2tic i simptom\u00e0tic alhora de la poca i mala educaci\u00f3, pol\u00edtica i gesti\u00f3 ling\u00fc\u00edstiques que es s&#8217;apliquen a l&#8217;estat espanyol, en general, i en l&#8217;administraci\u00f3 central espanyola, en particular. Podem llegir en el <em>Diari La Veu<\/em> (<a href=\"https:\/\/www.diarilaveu.com\/noticia\/87392\/seguretat-ifema-demana-a-monica-oltra-i-el-seu-equip-que-deixen-de-parlar-valencia?id_butlleti_enviar=2270&amp;utm_source=butlleti_article&amp;utm_medium=butlleti&amp;utm_campaign=Array\" target=\"_blank\" rel=\"noopener\">23.01.2019<\/a>):<\/p>\n<blockquote>\n<h2>La seguretat d&#8217;Ifema demana a M\u00f3nica Oltra i el seu equip que &#8220;deixen de parlar en valenci\u00e0&#8221;<\/h2>\n<\/blockquote>\n<p>En Madrid en esta ocasi\u00f3, per\u00f2 a qualsevol lloc en qualsevol moment, l&#8217;educaci\u00f3 democr\u00e0tica dels ciutadans encara no ha interioritzat que la llengua dels altres ha de ser entesa i tractada com una caracter\u00edstica m\u00e9s que els responsables de la gesti\u00f3 i la seguretat de l&#8217;espai i els serveis p\u00fablics han d&#8217;atendre de la mateixa manera que qualsevol altra condici\u00f3 dels ciutadans.<\/p>\n<p>A banda d&#8217;apar\u00e9ixer en els mitjans, haurien de presentar la queixa davant el Defensor del Poble espanyol, per si esta instituci\u00f3 \u00e9s competent i este cas es pot recollir i tractar formalment, que \u00e9s la manera com l&#8217;administraci\u00f3 hauria de resoldre les coses, no tan sols a colp d&#8217;esc\u00e0ndol medi\u00e0tic.<\/p>\n","protected":false},"excerpt":{"rendered":"<p>Els mitjans s&#8217;han fet ress\u00f2 d&#8217;un fet anecd\u00f2tic i simptom\u00e0tic alhora de la poca i mala educaci\u00f3, pol\u00edtica i gesti\u00f3 ling\u00fc\u00edstiques que es s&#8217;apliquen a l&#8217;estat espanyol, en general, i en l&#8217;administraci\u00f3 central espanyola, en particular. Podem llegir en el Diari La Veu (23.01.2019): La seguretat d&#8217;Ifema demana a M\u00f3nica Oltra i el seu equip [&hellip;]<\/p>\n","protected":false},"author":56,"featured_media":0,"comment_status":"open","ping_status":"open","sticky":false,"template":"","format":"standard","meta":{"footnotes":""},"categories":[36,4,7,19,27],"tags":[152,295],"class_list":["post-3415","post","type-post","status-publish","format-standard","hentry","category-allofobia","category-dret","category-empreses","category-politica","category-sociolinguistica","tag-discriminacio","tag-madrid"],"_links":{"self":[{"href":"https:\/\/www.cdlpv.org\/dtl\/wp-json\/wp\/v2\/posts\/3415","targetHints":{"allow":["GET"]}}],"collection":[{"href":"https:\/\/www.cdlpv.org\/dtl\/wp-json\/wp\/v2\/posts"}],"about":[{"href":"https:\/\/www.cdlpv.org\/dtl\/wp-json\/wp\/v2\/types\/post"}],"author":[{"embeddable":true,"href":"https:\/\/www.cdlpv.org\/dtl\/wp-json\/wp\/v2\/users\/56"}],"replies":[{"embeddable":true,"href":"https:\/\/www.cdlpv.org\/dtl\/wp-json\/wp\/v2\/comments?post=3415"}],"version-history":[{"count":1,"href":"https:\/\/www.cdlpv.org\/dtl\/wp-json\/wp\/v2\/posts\/3415\/revisions"}],"predecessor-version":[{"id":3416,"href":"https:\/\/www.cdlpv.org\/dtl\/wp-json\/wp\/v2\/posts\/3415\/revisions\/3416"}],"wp:attachment":[{"href":"https:\/\/www.cdlpv.org\/dtl\/wp-json\/wp\/v2\/media?parent=3415"}],"wp:term":[{"taxonomy":"category","embeddable":true,"href":"https:\/\/www.cdlpv.org\/dtl\/wp-json\/wp\/v2\/categories?post=3415"},{"taxonomy":"post_tag","embeddable":true,"href":"https:\/\/www.cdlpv.org\/dtl\/wp-json\/wp\/v2\/tags?post=3415"}],"curies":[{"name":"wp","href":"https:\/\/api.w.org\/{rel}","templated":true}]}}