{"id":341,"date":"2008-03-15T22:00:45","date_gmt":"2008-03-15T21:00:45","guid":{"rendered":"http:\/\/www.cdlpv.org\/dtl\/?p=341"},"modified":"2008-03-15T22:00:45","modified_gmt":"2008-03-15T21:00:45","slug":"xiii-jornada-de-sociolinguistica-dalcoi","status":"publish","type":"post","link":"https:\/\/www.cdlpv.org\/dtl\/2008\/03\/15\/xiii-jornada-de-sociolinguistica-dalcoi\/","title":{"rendered":"XIII Jornada de Socioling\u00fc\u00edstica d&#8217;Alcoi"},"content":{"rendered":"<p>Escola Valenciana informa de la <span class=\"versaleta\">xiii<\/span> Jornada de Socioling\u00fc\u00edstica d\u2019Alcoi:<\/p>\n<blockquote><p>\nLa jornada se celebrar\u00e0 el pr\u00f2xim 5 d\u2019abril al campus d\u2019Alcoi de la Universitat Polit\u00e8cnica de Val\u00e8ncia i tindr\u00e0 com a eix central l\u2019an\u00e0lisi de la planificaci\u00f3 ling\u00fc\u00edstica del valenci\u00e0 i altres lleng\u00fces en el 25 aniversari de la Llei d\u2019\u00das i Ensenyament del Valenci\u00e0.<\/p>\n<p>Diverses xerrades i taules rodones reuniran experts de primera l\u00ednia en temes relacionats amb la planificaci\u00f3 socioling\u00fc\u00edstica en diferents autonomies de l\u2019Estat, aix\u00ed com l\u2019evoluci\u00f3 del multiling\u00fcisme a Europa.<\/p>\n<p>Cliqueu <a href=\"http:\/\/www.fev.org\/contingut\/tripticinformatiu.pdf\" target=\"_blank\">ac\u00ed <span class=\"versaleta\">[pdf]<\/span><\/a> per a obtindre tota la informaci\u00f3 sobre els continguts i la matr\u00edcula.<\/p>\n<p>Tamb\u00e9 podeu matricular-vos <em>on-line<\/em> clicant <a href=\"http:\/\/www.cfp.upv.es\/cfp-posei2-web\/alumno\/matriculaonline.jsp?idioma=ca&#038;cid=17429&#038;hash=9b429d13ca13c117cf47cd1b8819c71e934b994e9c43884a9e4a9e4a9e4a9d4837&#038;\" target=\"_blank\">ac\u00ed<\/a>\n<\/p><\/blockquote>\n","protected":false},"excerpt":{"rendered":"<p>Escola Valenciana informa de la xiii Jornada de Socioling\u00fc\u00edstica d\u2019Alcoi: La jornada se celebrar\u00e0 el pr\u00f2xim 5 d\u2019abril al campus d\u2019Alcoi de la Universitat Polit\u00e8cnica de Val\u00e8ncia i tindr\u00e0 com a eix central l\u2019an\u00e0lisi de la planificaci\u00f3 ling\u00fc\u00edstica del valenci\u00e0 i altres lleng\u00fces en el 25 aniversari de la Llei d\u2019\u00das i Ensenyament del Valenci\u00e0. [&hellip;]<\/p>\n","protected":false},"author":2,"featured_media":0,"comment_status":"open","ping_status":"open","sticky":false,"template":"","format":"standard","meta":{"footnotes":""},"categories":[10,1,27],"tags":[56,258,280],"class_list":["post-341","post","type-post","status-publish","format-standard","hentry","category-formacio","category-general","category-sociolinguistica","tag-alcoi","tag-jornades","tag-llei-dus"],"_links":{"self":[{"href":"https:\/\/www.cdlpv.org\/dtl\/wp-json\/wp\/v2\/posts\/341","targetHints":{"allow":["GET"]}}],"collection":[{"href":"https:\/\/www.cdlpv.org\/dtl\/wp-json\/wp\/v2\/posts"}],"about":[{"href":"https:\/\/www.cdlpv.org\/dtl\/wp-json\/wp\/v2\/types\/post"}],"author":[{"embeddable":true,"href":"https:\/\/www.cdlpv.org\/dtl\/wp-json\/wp\/v2\/users\/2"}],"replies":[{"embeddable":true,"href":"https:\/\/www.cdlpv.org\/dtl\/wp-json\/wp\/v2\/comments?post=341"}],"version-history":[{"count":0,"href":"https:\/\/www.cdlpv.org\/dtl\/wp-json\/wp\/v2\/posts\/341\/revisions"}],"wp:attachment":[{"href":"https:\/\/www.cdlpv.org\/dtl\/wp-json\/wp\/v2\/media?parent=341"}],"wp:term":[{"taxonomy":"category","embeddable":true,"href":"https:\/\/www.cdlpv.org\/dtl\/wp-json\/wp\/v2\/categories?post=341"},{"taxonomy":"post_tag","embeddable":true,"href":"https:\/\/www.cdlpv.org\/dtl\/wp-json\/wp\/v2\/tags?post=341"}],"curies":[{"name":"wp","href":"https:\/\/api.w.org\/{rel}","templated":true}]}}