{"id":340,"date":"2008-03-15T21:46:40","date_gmt":"2008-03-15T20:46:40","guid":{"rendered":"http:\/\/www.cdlpv.org\/dtl\/?p=340"},"modified":"2008-03-15T21:46:40","modified_gmt":"2008-03-15T20:46:40","slug":"oferta-de-traduccio-del-frances-per-a-leditorial-moll","status":"publish","type":"post","link":"https:\/\/www.cdlpv.org\/dtl\/2008\/03\/15\/oferta-de-traduccio-del-frances-per-a-leditorial-moll\/","title":{"rendered":"Oferta de traducci\u00f3 del franc\u00e9s per a l&#8217;editorial Moll"},"content":{"rendered":"<p>Xavier Rull envia a trav\u00e9s de la llista InfoZ\u00e8fir l&#8217;oferta de faena seg\u00fcent:<\/p>\n<blockquote><p>\nL&#8217;Editorial Moll cerca un traductor de franc\u00e8s per a una obra sobre hist\u00f2ria medieval catalana:<\/p>\n<p>Caracter\u00edstiques:<\/p>\n<ul>\n<li>Text de 300 p\u00e0gines normalitzades de 2.100 pulsacions\n<li>Franc\u00e8s est\u00e0ndard de divulgaci\u00f3 cient\u00edfica\n<li>Lliurament progressiu de cap\u00edtols fins al 30 de juny de 2008\n<\/ul>\n<p>Es demana:<\/p>\n<ul>\n<li>Experi\u00e8ncia demostrable\n<li>Coneixements elevats de les lleng\u00fces francesa i catalana\n<li>Es valoraran els coneixements d&#8217;hist\u00f2ria medieval catalana\n<\/ul>\n<p>Els interessats han d&#8217;enviar un curr\u00edculum a <a href=\"mailto:lluis@editorialmoll.cat\">lluis@editorialmoll.cat<\/a> <\/p><\/blockquote>\n","protected":false},"excerpt":{"rendered":"<p>Xavier Rull envia a trav\u00e9s de la llista InfoZ\u00e8fir l&#8217;oferta de faena seg\u00fcent: L&#8217;Editorial Moll cerca un traductor de franc\u00e8s per a una obra sobre hist\u00f2ria medieval catalana: Caracter\u00edstiques: Text de 300 p\u00e0gines normalitzades de 2.100 pulsacions Franc\u00e8s est\u00e0ndard de divulgaci\u00f3 cient\u00edfica Lliurament progressiu de cap\u00edtols fins al 30 de juny de 2008 Es demana: [&hellip;]<\/p>\n","protected":false},"author":2,"featured_media":0,"comment_status":"open","ping_status":"open","sticky":false,"template":"","format":"standard","meta":{"footnotes":""},"categories":[1,15],"tags":[214,479],"class_list":["post-340","post","type-post","status-publish","format-standard","hentry","category-general","category-laboral","tag-frances","tag-traduccions"],"_links":{"self":[{"href":"https:\/\/www.cdlpv.org\/dtl\/wp-json\/wp\/v2\/posts\/340","targetHints":{"allow":["GET"]}}],"collection":[{"href":"https:\/\/www.cdlpv.org\/dtl\/wp-json\/wp\/v2\/posts"}],"about":[{"href":"https:\/\/www.cdlpv.org\/dtl\/wp-json\/wp\/v2\/types\/post"}],"author":[{"embeddable":true,"href":"https:\/\/www.cdlpv.org\/dtl\/wp-json\/wp\/v2\/users\/2"}],"replies":[{"embeddable":true,"href":"https:\/\/www.cdlpv.org\/dtl\/wp-json\/wp\/v2\/comments?post=340"}],"version-history":[{"count":0,"href":"https:\/\/www.cdlpv.org\/dtl\/wp-json\/wp\/v2\/posts\/340\/revisions"}],"wp:attachment":[{"href":"https:\/\/www.cdlpv.org\/dtl\/wp-json\/wp\/v2\/media?parent=340"}],"wp:term":[{"taxonomy":"category","embeddable":true,"href":"https:\/\/www.cdlpv.org\/dtl\/wp-json\/wp\/v2\/categories?post=340"},{"taxonomy":"post_tag","embeddable":true,"href":"https:\/\/www.cdlpv.org\/dtl\/wp-json\/wp\/v2\/tags?post=340"}],"curies":[{"name":"wp","href":"https:\/\/api.w.org\/{rel}","templated":true}]}}