{"id":34,"date":"2007-01-27T21:20:08","date_gmt":"2007-01-27T19:20:08","guid":{"rendered":"http:\/\/www.cdlpv.org\/dtl\/?p=34"},"modified":"2007-01-27T21:20:08","modified_gmt":"2007-01-27T19:20:08","slug":"recursos-contra-la-insostenibilitat-politica","status":"publish","type":"post","link":"https:\/\/www.cdlpv.org\/dtl\/2007\/01\/27\/recursos-contra-la-insostenibilitat-politica\/","title":{"rendered":"Recursos contra la insostenibilitat pol\u00edtica"},"content":{"rendered":"<p>Als valencians encara ens queda molta democr\u00e0cia per rec\u00f3rrer. \u00c9s cert que hem avan\u00e7at i hem reculat, i que hem apr\u00e9s a aconseguir els drets, com ara el xicot que va pel seu poble en cadira de rodes i que el 2003, a l&#8217;endem\u00e0 d&#8217;haver-se estrenat una nou edifici per a l&#8217;ajuntament a <a href=\"http:\/\/www.laveu.es\/modules.php?name=News&#038;file=article&#038;sid=212\">Tavernes de la Valldigna<\/a>, mentres els ve\u00efns descobr\u00edem que l&#8217;obra no havia incorporat ni una petita placa solar com a desgreuge oficial contra la insostenibilitat ambiental, ell descobria que no podia accedir a l&#8217;edifici, una mostra evident d&#8217;insostenibilitat social i pol\u00edtica.<\/p>\n<p>El xicot, Francisco Javier Chord\u00e1 i la seua fam\u00edlia han hagut de fer una campanya per a aconseguir el que era b\u00e0sic i elemental. Suposem que els alcaldes del PP tenen moltes faenes amb els artificis de les copes per a navegants desvagats o, a Val\u00e8ncia, amb els palaus en un riu que allotja immigrants a recer dels ponts. I, \u00e9s clar, la gesti\u00f3 ling\u00fc\u00edstica pertany a eixe nivell de detall que tan poc els satisf\u00e0.<\/p>\n<p>Per aix\u00f2, la not\u00edcia de <a href=\"http:\/\/www.vilaweb.cat\/www\/ep\/noticia?noticia=2248341\">Vilaweb<\/a> ens sembla per fi un alenada d&#8217;aire. Els ciutadans valencians hem de provar a utilitzar m\u00e9s ass\u00edduament els recursos legals que tenim a l&#8217;abast.<\/p>\n<blockquote>\n<h2>Escola Valenciana presentar\u00e0 una demanda administrativa a Educaci\u00f3 per incompliment de l&#8217;Estatut i la LUEV<\/h2>\n<p>VAL\u00c8NCIA, 26.01.2007 (EUROPA PRESS)<\/p>\n<p>Escola Valenciana presentar\u00e0 dimarts que ve, 30 de gener, en representaci\u00f3 de l&#8217;Associaci\u00f3 de Mares i Pares d&#8217;Alumnes (AMPA) i els estudiants de l&#8217;IES Comarcal de Burjassot-Godella-Rocafort, una sol\u00b7licitud d&#8217;iniciaci\u00f3 de procediment administratiu a la Conselleria d&#8217;Educaci\u00f3 per la \u00abvulneraci\u00f3 dels drets de pares i alumnes a rebre ensenyament en valenci\u00e0\u00bb i \u00abinvocant la Llei d&#8217;Us i Ensenyament del Valenci\u00e0 (LUEV) i l&#8217;Estatut d&#8217;Autonomia\u00bb, segons han anunciat hui fonts de l&#8217;entitat.<\/p>\n<p>En concret, la demanda administrativa es referix al cas denunciat per l&#8217;AMPA de l&#8217;IES Comarcal d&#8217;un professor de F\u00edsica i Qu\u00edmica del centre que \u00abimpartix les classes de l\u00ednia en valenci\u00e0, no nom\u00e9s en castell\u00e0, sin\u00f3 que a m\u00e9s impedix que s&#8217;utilitze ni tan sols un llibre de text en valenci\u00e0\u00bb, han explicat estes fonts, que han afegit que el docent \u00aba m\u00e9s realitza els ex\u00e0mens d&#8217;avaluaci\u00f3 en castell\u00e0\u00bb.<\/p>\n<p>La mesura \u00absense precedents\u00bb, han recalcat, de presentar una den\u00fancia administrativa \u00abarriba despr\u00e9s de diferents accions reivindicatives i administratives, com la queixa presentada al s\u00edndic de Greuges, en la resposta del qual s&#8217;insta els pares d&#8217;alumnes a resignar-se a una situaci\u00f3 que jutgen com a fet puntual i transitori\u00bb, han lamentat.<\/p>\n<p>Tot i aix\u00f2, Escola Valenciana \u00abha constatat que el fet es produ\u00efx en gran part dels instituts de la Comunitat i ha decidit establir el precedent d&#8217;iniciar un procediment de den\u00fancia administrativa\u00bb. Aix\u00ed mateix, el col\u00b7lectiu \u00abdenunciar\u00e0 altres incompliments de la LUEV sobre la promoci\u00f3 de l&#8217;ensenyament en valenci\u00e0\u00bb, han advertit.<\/p><\/blockquote>\n","protected":false},"excerpt":{"rendered":"<p>Als valencians encara ens queda molta democr\u00e0cia per rec\u00f3rrer. \u00c9s cert que hem avan\u00e7at i hem reculat, i que hem apr\u00e9s a aconseguir els drets, com ara el xicot que va pel seu poble en cadira de rodes i que el 2003, a l&#8217;endem\u00e0 d&#8217;haver-se estrenat una nou edifici per a l&#8217;ajuntament a Tavernes de [&hellip;]<\/p>\n","protected":false},"author":2,"featured_media":0,"comment_status":"open","ping_status":"open","sticky":false,"template":"","format":"standard","meta":{"footnotes":""},"categories":[4,1,47,19,24],"tags":[],"class_list":["post-34","post","type-post","status-publish","format-standard","hentry","category-dret","category-general","category-planificacio","category-politica","category-requisit-linguistic"],"_links":{"self":[{"href":"https:\/\/www.cdlpv.org\/dtl\/wp-json\/wp\/v2\/posts\/34","targetHints":{"allow":["GET"]}}],"collection":[{"href":"https:\/\/www.cdlpv.org\/dtl\/wp-json\/wp\/v2\/posts"}],"about":[{"href":"https:\/\/www.cdlpv.org\/dtl\/wp-json\/wp\/v2\/types\/post"}],"author":[{"embeddable":true,"href":"https:\/\/www.cdlpv.org\/dtl\/wp-json\/wp\/v2\/users\/2"}],"replies":[{"embeddable":true,"href":"https:\/\/www.cdlpv.org\/dtl\/wp-json\/wp\/v2\/comments?post=34"}],"version-history":[{"count":0,"href":"https:\/\/www.cdlpv.org\/dtl\/wp-json\/wp\/v2\/posts\/34\/revisions"}],"wp:attachment":[{"href":"https:\/\/www.cdlpv.org\/dtl\/wp-json\/wp\/v2\/media?parent=34"}],"wp:term":[{"taxonomy":"category","embeddable":true,"href":"https:\/\/www.cdlpv.org\/dtl\/wp-json\/wp\/v2\/categories?post=34"},{"taxonomy":"post_tag","embeddable":true,"href":"https:\/\/www.cdlpv.org\/dtl\/wp-json\/wp\/v2\/tags?post=34"}],"curies":[{"name":"wp","href":"https:\/\/api.w.org\/{rel}","templated":true}]}}