{"id":339,"date":"2008-03-14T15:15:26","date_gmt":"2008-03-14T14:15:26","guid":{"rendered":"http:\/\/www.cdlpv.org\/dtl\/?p=339"},"modified":"2008-03-14T15:15:26","modified_gmt":"2008-03-14T14:15:26","slug":"la-imposicio-del-castella-a-lespanya-judicial-2","status":"publish","type":"post","link":"https:\/\/www.cdlpv.org\/dtl\/2008\/03\/14\/la-imposicio-del-castella-a-lespanya-judicial-2\/","title":{"rendered":"La imposici\u00f3 del castell\u00e0 a l&#8217;Espanya judicial \/2"},"content":{"rendered":"<p>Vam sentir la not\u00edcia de raspallada en el telenot\u00edcies de TV3 desp\u00fas ahir i hui podem llegir en <em>El Pa\u00eds<\/em>:<\/p>\n<blockquote>\n<h2>Ju\u00ed nul per la crema de fotos del Rei per no usar el catal\u00e0<\/h2>\n<\/blockquote>\n<p>Una titulaci\u00f3 simp\u00e0tica que no deixa clar per qu\u00e8 cremaven les fotos o per qu\u00e8 han declarat nul el ju\u00ed. En cavi, <em>Vilaweb<\/em> <a href=\"http:\/\/www.vilaweb.cat\/www\/noticia?p_idcmp=2778331\" target=\"_blank\">(13.03.2008)<\/a> ho detalla una mica m\u00e9s:<\/p>\n<blockquote>\n<h2>L&#8217;Audi\u00e8ncia espanyola anul\u00b7la el judici a Stern i Roura perqu\u00e8 no van poder parlar en catal\u00e0<\/h2>\n<\/blockquote>\n<p>Pel que sembla l&#8217;Audi\u00e8ncia Nacional espanyola ha decidit anul\u00b7lar la sent\u00e8ncia contra Jaume Roura i Enric Stern <a href=\"http:\/\/www.cdlpv.org\/dtl\/?p=240\" target=\"_blank\">(<span class=\"versaleta\"><em>dtl<\/em><\/span>, 28.11.2007)<\/a> at\u00e9s que els dos acusats de cremar fotografies del rei d&#8217;Espanya a Girona van ser discriminats ling\u00fc\u00edsticament, ja que el jutge V\u00e1zquez Honrubia tenia una concepci\u00f3 peculiar dels drets ling\u00fc\u00edstics \u2014peculiar, per\u00f2 no correcta, pareix\u2014. El text de la sent\u00e8ncia, despr\u00e9s de Setmana Santa.<\/p>\n","protected":false},"excerpt":{"rendered":"<p>Vam sentir la not\u00edcia de raspallada en el telenot\u00edcies de TV3 desp\u00fas ahir i hui podem llegir en El Pa\u00eds: Ju\u00ed nul per la crema de fotos del Rei per no usar el catal\u00e0 Una titulaci\u00f3 simp\u00e0tica que no deixa clar per qu\u00e8 cremaven les fotos o per qu\u00e8 han declarat nul el ju\u00ed. En [&hellip;]<\/p>\n","protected":false},"author":2,"featured_media":0,"comment_status":"open","ping_status":"open","sticky":false,"template":"","format":"standard","meta":{"footnotes":""},"categories":[36,4,1,24],"tags":[250,262,265,422,450],"class_list":["post-339","post","type-post","status-publish","format-standard","hentry","category-allofobia","category-dret","category-general","category-requisit-linguistic","tag-interprets","tag-justicia","tag-jutges","tag-roura","tag-stern"],"_links":{"self":[{"href":"https:\/\/www.cdlpv.org\/dtl\/wp-json\/wp\/v2\/posts\/339","targetHints":{"allow":["GET"]}}],"collection":[{"href":"https:\/\/www.cdlpv.org\/dtl\/wp-json\/wp\/v2\/posts"}],"about":[{"href":"https:\/\/www.cdlpv.org\/dtl\/wp-json\/wp\/v2\/types\/post"}],"author":[{"embeddable":true,"href":"https:\/\/www.cdlpv.org\/dtl\/wp-json\/wp\/v2\/users\/2"}],"replies":[{"embeddable":true,"href":"https:\/\/www.cdlpv.org\/dtl\/wp-json\/wp\/v2\/comments?post=339"}],"version-history":[{"count":0,"href":"https:\/\/www.cdlpv.org\/dtl\/wp-json\/wp\/v2\/posts\/339\/revisions"}],"wp:attachment":[{"href":"https:\/\/www.cdlpv.org\/dtl\/wp-json\/wp\/v2\/media?parent=339"}],"wp:term":[{"taxonomy":"category","embeddable":true,"href":"https:\/\/www.cdlpv.org\/dtl\/wp-json\/wp\/v2\/categories?post=339"},{"taxonomy":"post_tag","embeddable":true,"href":"https:\/\/www.cdlpv.org\/dtl\/wp-json\/wp\/v2\/tags?post=339"}],"curies":[{"name":"wp","href":"https:\/\/api.w.org\/{rel}","templated":true}]}}