{"id":3370,"date":"2018-11-04T15:30:06","date_gmt":"2018-11-04T14:30:06","guid":{"rendered":"http:\/\/www.cdlpv.org\/dtl\/?p=3370"},"modified":"2018-11-04T11:13:51","modified_gmt":"2018-11-04T10:13:51","slug":"xirivella-era-possible-unicament-en-castella","status":"publish","type":"post","link":"https:\/\/www.cdlpv.org\/dtl\/2018\/11\/04\/xirivella-era-possible-unicament-en-castella\/","title":{"rendered":"Xirivella: \u00bfera possible \u00ab\u00fanicament\u00bb en castell\u00e0?"},"content":{"rendered":"<p>Encara hui hem d&#8217;homenatjar l&#8217;exconseller valenci\u00e0 socialista Cipri\u00e0 Ciscar \u2014i actual diputat espanyol per Val\u00e8ncia\u2014, perqu\u00e8 la llei que va impulsar, la 4\/1983, va \u00abdespenalitzar\u00bb l&#8217;\u00fas del valenci\u00e0. Encara que, al cap d&#8217;un per\u00edode de 35 anys, en qu\u00e8 es suposa que hem anat comprovant fins a on donava aix\u00f2 de la despenalitzaci\u00f3, ja fa anys que hem vist que era un primer pas, per\u00f2 que no podia ser l&#8217;\u00fanic pas que havia de fer un estat democr\u00e0tic que pretenguera facilitar els drets ling\u00fc\u00edstics dels \u00abespanyols\u00bb, si \u00e9s que els \u00abespanyols\u00bb tenen dret a la diversitat de lleng\u00fces (de pensaments, d&#8217;expressions, d&#8217;identificacions, d&#8217;identitats&#8230;).<\/p>\n<p>Per aix\u00f2, hui mateix tamb\u00e9 podem llegir el titular seg\u00fcent (<em>Diari La Veu,<\/em> <a href=\"https:\/\/www.diarilaveu.com\/noticia\/85513\/sindicat-policies-bombers-denuncia-ajuntament-xirivella-retolar-unicament-valencia?id_butlleti_enviar=2187&amp;utm_source=butlleti_article&amp;utm_medium=butlleti&amp;utm_campaign=Array\" target=\"_blank\" rel=\"noopener\">04.11.2018<\/a>):<\/p>\n<blockquote>\n<h2>El sindicat de policies i bombers denuncia l&#8217;Ajuntament de Xirivella per retolar \u00ab\u00fanicament\u00bb en valenci\u00e0<\/h2>\n<\/blockquote>\n<p>El titular \u00e9s interessant, perqu\u00e8 el podem llegir en valenci\u00e0 en un mitj\u00e0 electr\u00f2nic en valenci\u00e0. Per contra, el contingut assenyala que l&#8217;estat espanyol no est\u00e0 disposat a anar m\u00e9s enll\u00e0 de la despenalitzaci\u00f3 i no pret\u00e9n ser un estat per a tots, ja que dicta i aprova normes que faciliten la retolaci\u00f3 \u00ab\u00fanicament\u00bb en castell\u00e0, tal com diu el Reial decret 6\/2015, de 30 d&#8217;octubre, de la Llei de tr\u00e0nsit, en l&#8217;article 56: \u00ables indicacions escrites dels senyals s&#8217;expressaran, almenys, en la llengua oficial de l&#8217;Estat\u00bb. Despenalitza la resta de lleng\u00fces, s\u00ed, per\u00f2 sempre subordinades, secund\u00e0ries, redundants, en suma, in\u00fatils.<\/p>\n<p>Certament, \u00e9s cosa de la democr\u00e0cia, de majories i de minories. Hem de pensar sempre si \u00e9s aix\u00f2 el que volem per al nostre poble, per al nostre pa\u00eds. Perqu\u00e8 tot \u00e9s possible.<\/p>\n","protected":false},"excerpt":{"rendered":"<p>Encara hui hem d&#8217;homenatjar l&#8217;exconseller valenci\u00e0 socialista Cipri\u00e0 Ciscar \u2014i actual diputat espanyol per Val\u00e8ncia\u2014, perqu\u00e8 la llei que va impulsar, la 4\/1983, va \u00abdespenalitzar\u00bb l&#8217;\u00fas del valenci\u00e0. Encara que, al cap d&#8217;un per\u00edode de 35 anys, en qu\u00e8 es suposa que hem anat comprovant fins a on donava aix\u00f2 de la despenalitzaci\u00f3, ja fa [&hellip;]<\/p>\n","protected":false},"author":56,"featured_media":0,"comment_status":"open","ping_status":"open","sticky":false,"template":"","format":"standard","meta":{"footnotes":""},"categories":[4,47,19,23,25],"tags":[50,441],"class_list":["post-3370","post","type-post","status-publish","format-standard","hentry","category-dret","category-planificacio","category-politica","category-reglaments-linguistics","category-retolacio","tag-administracio-local","tag-sindicats"],"_links":{"self":[{"href":"https:\/\/www.cdlpv.org\/dtl\/wp-json\/wp\/v2\/posts\/3370","targetHints":{"allow":["GET"]}}],"collection":[{"href":"https:\/\/www.cdlpv.org\/dtl\/wp-json\/wp\/v2\/posts"}],"about":[{"href":"https:\/\/www.cdlpv.org\/dtl\/wp-json\/wp\/v2\/types\/post"}],"author":[{"embeddable":true,"href":"https:\/\/www.cdlpv.org\/dtl\/wp-json\/wp\/v2\/users\/56"}],"replies":[{"embeddable":true,"href":"https:\/\/www.cdlpv.org\/dtl\/wp-json\/wp\/v2\/comments?post=3370"}],"version-history":[{"count":5,"href":"https:\/\/www.cdlpv.org\/dtl\/wp-json\/wp\/v2\/posts\/3370\/revisions"}],"predecessor-version":[{"id":3375,"href":"https:\/\/www.cdlpv.org\/dtl\/wp-json\/wp\/v2\/posts\/3370\/revisions\/3375"}],"wp:attachment":[{"href":"https:\/\/www.cdlpv.org\/dtl\/wp-json\/wp\/v2\/media?parent=3370"}],"wp:term":[{"taxonomy":"category","embeddable":true,"href":"https:\/\/www.cdlpv.org\/dtl\/wp-json\/wp\/v2\/categories?post=3370"},{"taxonomy":"post_tag","embeddable":true,"href":"https:\/\/www.cdlpv.org\/dtl\/wp-json\/wp\/v2\/tags?post=3370"}],"curies":[{"name":"wp","href":"https:\/\/api.w.org\/{rel}","templated":true}]}}