{"id":3364,"date":"2018-10-16T21:29:37","date_gmt":"2018-10-16T20:29:37","guid":{"rendered":"http:\/\/www.cdlpv.org\/dtl\/?p=3364"},"modified":"2018-11-23T13:02:40","modified_gmt":"2018-11-23T12:02:40","slug":"denominacions-oficials-el-genoves","status":"publish","type":"post","link":"https:\/\/www.cdlpv.org\/dtl\/2018\/10\/16\/denominacions-oficials-el-genoves\/","title":{"rendered":"Denominacions oficials: el Genov\u00e9s"},"content":{"rendered":"<p>El municipi del Genov\u00e9s ha fixat la forma oficial del seu nom (<em><span class=\"versaleta\">dogv<\/span><\/em> 8.388, <a href=\"https:\/\/www.dogv.gva.es\/datos\/2018\/09\/21\/pdf\/2018_8723.pdf\" target=\"_blank\" rel=\"noopener\">21.09.2018<\/a>; <em><span class=\"versaleta\">boe<\/span><\/em> 283, <a href=\"https:\/\/www.boe.es\/diario_boe\/txt.php?id=BOE-A-2018-16034\" target=\"_blank\" rel=\"noopener\">23.11.2018<\/a>):<\/p>\n<blockquote><p>Decret 139\/2018, de 14 de setembre, del Consell, d\u2019aprovaci\u00f3 del canvi de denominaci\u00f3 del municipi de Genov\u00e9s per la forma exclusiva en valenci\u00e0 el Genov\u00e9s. [2018\/8723]<\/blockquote>\n","protected":false},"excerpt":{"rendered":"<p>El municipi del Genov\u00e9s ha fixat la forma oficial del seu nom (dogv 8.388, 21.09.2018; boe 283, 23.11.2018): Decret 139\/2018, de 14 de setembre, del Consell, d\u2019aprovaci\u00f3 del canvi de denominaci\u00f3 del municipi de Genov\u00e9s per la forma exclusiva en valenci\u00e0 el Genov\u00e9s. [2018\/8723]<\/p>\n","protected":false},"author":56,"featured_media":0,"comment_status":"open","ping_status":"open","sticky":false,"template":"","format":"standard","meta":{"footnotes":""},"categories":[32],"tags":[50],"class_list":["post-3364","post","type-post","status-publish","format-standard","hentry","category-toponimia","tag-administracio-local"],"_links":{"self":[{"href":"https:\/\/www.cdlpv.org\/dtl\/wp-json\/wp\/v2\/posts\/3364","targetHints":{"allow":["GET"]}}],"collection":[{"href":"https:\/\/www.cdlpv.org\/dtl\/wp-json\/wp\/v2\/posts"}],"about":[{"href":"https:\/\/www.cdlpv.org\/dtl\/wp-json\/wp\/v2\/types\/post"}],"author":[{"embeddable":true,"href":"https:\/\/www.cdlpv.org\/dtl\/wp-json\/wp\/v2\/users\/56"}],"replies":[{"embeddable":true,"href":"https:\/\/www.cdlpv.org\/dtl\/wp-json\/wp\/v2\/comments?post=3364"}],"version-history":[{"count":3,"href":"https:\/\/www.cdlpv.org\/dtl\/wp-json\/wp\/v2\/posts\/3364\/revisions"}],"predecessor-version":[{"id":3380,"href":"https:\/\/www.cdlpv.org\/dtl\/wp-json\/wp\/v2\/posts\/3364\/revisions\/3380"}],"wp:attachment":[{"href":"https:\/\/www.cdlpv.org\/dtl\/wp-json\/wp\/v2\/media?parent=3364"}],"wp:term":[{"taxonomy":"category","embeddable":true,"href":"https:\/\/www.cdlpv.org\/dtl\/wp-json\/wp\/v2\/categories?post=3364"},{"taxonomy":"post_tag","embeddable":true,"href":"https:\/\/www.cdlpv.org\/dtl\/wp-json\/wp\/v2\/tags?post=3364"}],"curies":[{"name":"wp","href":"https:\/\/api.w.org\/{rel}","templated":true}]}}