{"id":3355,"date":"2018-10-15T15:30:01","date_gmt":"2018-10-15T14:30:01","guid":{"rendered":"http:\/\/www.cdlpv.org\/dtl\/?p=3355"},"modified":"2018-11-23T12:58:57","modified_gmt":"2018-11-23T11:58:57","slug":"denominacions-oficials-naquera-naquera","status":"publish","type":"post","link":"https:\/\/www.cdlpv.org\/dtl\/2018\/10\/15\/denominacions-oficials-naquera-naquera\/","title":{"rendered":"Denominacions oficials: N\u00e0quera\/N\u00e1quera"},"content":{"rendered":"<p>El municipi de N\u00e0quera ha fixat la forma oficial del seu nom (<em>BOE<\/em> 246,\u00a0<a href=\"https:\/\/www.boe.es\/diario_boe\/txt.php?id=BOE-A-2018-13930\" target=\"_blank\" rel=\"noopener\">11.10.2018<\/a>):<\/p>\n<blockquote><p>Decret 116\/2018, de 3 d&#8217;agost, del Consell, pel qual s&#8217;aprova el canvi de denominaci\u00f3 del municipi de N\u00e1quera per la forma biling\u00fce \u00abN\u00e0quera\/N\u00e1quera\u00bb<\/p><\/blockquote>\n","protected":false},"excerpt":{"rendered":"<p>El municipi de N\u00e0quera ha fixat la forma oficial del seu nom (BOE 246,\u00a011.10.2018): Decret 116\/2018, de 3 d&#8217;agost, del Consell, pel qual s&#8217;aprova el canvi de denominaci\u00f3 del municipi de N\u00e1quera per la forma biling\u00fce \u00abN\u00e0quera\/N\u00e1quera\u00bb<\/p>\n","protected":false},"author":56,"featured_media":0,"comment_status":"open","ping_status":"open","sticky":false,"template":"","format":"standard","meta":{"footnotes":""},"categories":[32],"tags":[50],"class_list":["post-3355","post","type-post","status-publish","format-standard","hentry","category-toponimia","tag-administracio-local"],"_links":{"self":[{"href":"https:\/\/www.cdlpv.org\/dtl\/wp-json\/wp\/v2\/posts\/3355","targetHints":{"allow":["GET"]}}],"collection":[{"href":"https:\/\/www.cdlpv.org\/dtl\/wp-json\/wp\/v2\/posts"}],"about":[{"href":"https:\/\/www.cdlpv.org\/dtl\/wp-json\/wp\/v2\/types\/post"}],"author":[{"embeddable":true,"href":"https:\/\/www.cdlpv.org\/dtl\/wp-json\/wp\/v2\/users\/56"}],"replies":[{"embeddable":true,"href":"https:\/\/www.cdlpv.org\/dtl\/wp-json\/wp\/v2\/comments?post=3355"}],"version-history":[{"count":3,"href":"https:\/\/www.cdlpv.org\/dtl\/wp-json\/wp\/v2\/posts\/3355\/revisions"}],"predecessor-version":[{"id":3378,"href":"https:\/\/www.cdlpv.org\/dtl\/wp-json\/wp\/v2\/posts\/3355\/revisions\/3378"}],"wp:attachment":[{"href":"https:\/\/www.cdlpv.org\/dtl\/wp-json\/wp\/v2\/media?parent=3355"}],"wp:term":[{"taxonomy":"category","embeddable":true,"href":"https:\/\/www.cdlpv.org\/dtl\/wp-json\/wp\/v2\/categories?post=3355"},{"taxonomy":"post_tag","embeddable":true,"href":"https:\/\/www.cdlpv.org\/dtl\/wp-json\/wp\/v2\/tags?post=3355"}],"curies":[{"name":"wp","href":"https:\/\/api.w.org\/{rel}","templated":true}]}}