{"id":3343,"date":"2018-08-06T20:30:57","date_gmt":"2018-08-06T19:30:57","guid":{"rendered":"http:\/\/www.cdlpv.org\/dtl\/?p=3343"},"modified":"2018-08-06T18:46:50","modified_gmt":"2018-08-06T17:46:50","slug":"leconomia-del-valencia","status":"publish","type":"post","link":"https:\/\/www.cdlpv.org\/dtl\/2018\/08\/06\/leconomia-del-valencia\/","title":{"rendered":"L&#8217;economia del valenci\u00e0"},"content":{"rendered":"<p>La calina vacacional du a voltes informacions que refresquen una miqueta sociolinguisticament, com ara l&#8217;article de Sixto Ferrero \u00abPer qu\u00e8 una persona parla valenci\u00e0? Quatre claus econ\u00f2miques per a respondre la pregunta\u00bb (<em>Diari La Veu,<\/em> <a href=\"https:\/\/www.diarilaveu.com\/noticia\/83545\/claus-economiques-per-que-persona-parla-valencia?id_butlleti_enviar=2093&amp;utm_source=butlleti_article&amp;utm_medium=butlleti&amp;utm_campaign=Array\">05.08.2018<\/a>). L&#8217;article comen\u00e7a amb una reflexi\u00f3 interessant sobre una de tantes mancances de la gesti\u00f3 ling\u00fc\u00edstica acad\u00e8mica i institucional:<\/p>\n<blockquote><p>Els estudis i els debats sobre l&#8217;\u00fas del valenci\u00e0 s&#8217;han abordat des de diferents \u00e0mbits per a polsar la vitalitat de la llengua pr\u00f2pia a l&#8217;escola, als mitjans de comunicaci\u00f3, als quefers quotidians i a les xarxes socials, entre d&#8217;altres. Diverses disciplines han aprofundit en la situaci\u00f3 del valenci\u00e0, per\u00f2, s&#8217;ha investigat molt poc des de l&#8217;economia. Poc o pr\u00e0cticament res, va emfatitzar el professor d&#8217;Economia Aplicada de la Universitat de Val\u00e8ncia Pau Rausell durant la pon\u00e8ncia que va oferir en les passades Jornades de Socioling\u00fc\u00edstica d&#8217;Alcoi celebrades el mes de mar\u00e7 a la seu de la Universitat Polit\u00e8cnica.<\/p><\/blockquote>\n<p>I la dada que m\u00e9s pot interessar als emprenedors de l&#8217;\u00e0mbit cultural:<\/p>\n<blockquote><p>De fet, en aquest sentit va destacar que la taxa de rendibilitat de les editorials que treballen \u00fanicament amb el valenci\u00e0 com a llengua d&#8217;expressi\u00f3 \u00e9s major, \u00e9s a dir, &#8220;que els diners que es poden guanyar per cada euro invertit \u00e9s major&#8221; que aquelles empreses que editen en castell\u00e0.<\/p><\/blockquote>\n<p>El p\u00fablic consumidor est\u00e0 disposat a invertir en productes en valenci\u00e0, sempre estem <em>incoativament <\/em>\u00aba punt\u00bb d&#8217;aprofitar-ho, nom\u00e9s cal m\u00e9s decisi\u00f3 real i menys simbolisme conformista.<\/p>\n","protected":false},"excerpt":{"rendered":"<p>La calina vacacional du a voltes informacions que refresquen una miqueta sociolinguisticament, com ara l&#8217;article de Sixto Ferrero \u00abPer qu\u00e8 una persona parla valenci\u00e0? Quatre claus econ\u00f2miques per a respondre la pregunta\u00bb (Diari La Veu, 05.08.2018). L&#8217;article comen\u00e7a amb una reflexi\u00f3 interessant sobre una de tantes mancances de la gesti\u00f3 ling\u00fc\u00edstica acad\u00e8mica i institucional: Els [&hellip;]<\/p>\n","protected":false},"author":56,"featured_media":0,"comment_status":"open","ping_status":"open","sticky":false,"template":"","format":"standard","meta":{"footnotes":""},"categories":[3,7,19,27],"tags":[162],"class_list":["post-3343","post","type-post","status-publish","format-standard","hentry","category-documentacio","category-empreses","category-politica","category-sociolinguistica","tag-economia"],"_links":{"self":[{"href":"https:\/\/www.cdlpv.org\/dtl\/wp-json\/wp\/v2\/posts\/3343","targetHints":{"allow":["GET"]}}],"collection":[{"href":"https:\/\/www.cdlpv.org\/dtl\/wp-json\/wp\/v2\/posts"}],"about":[{"href":"https:\/\/www.cdlpv.org\/dtl\/wp-json\/wp\/v2\/types\/post"}],"author":[{"embeddable":true,"href":"https:\/\/www.cdlpv.org\/dtl\/wp-json\/wp\/v2\/users\/56"}],"replies":[{"embeddable":true,"href":"https:\/\/www.cdlpv.org\/dtl\/wp-json\/wp\/v2\/comments?post=3343"}],"version-history":[{"count":1,"href":"https:\/\/www.cdlpv.org\/dtl\/wp-json\/wp\/v2\/posts\/3343\/revisions"}],"predecessor-version":[{"id":3344,"href":"https:\/\/www.cdlpv.org\/dtl\/wp-json\/wp\/v2\/posts\/3343\/revisions\/3344"}],"wp:attachment":[{"href":"https:\/\/www.cdlpv.org\/dtl\/wp-json\/wp\/v2\/media?parent=3343"}],"wp:term":[{"taxonomy":"category","embeddable":true,"href":"https:\/\/www.cdlpv.org\/dtl\/wp-json\/wp\/v2\/categories?post=3343"},{"taxonomy":"post_tag","embeddable":true,"href":"https:\/\/www.cdlpv.org\/dtl\/wp-json\/wp\/v2\/tags?post=3343"}],"curies":[{"name":"wp","href":"https:\/\/api.w.org\/{rel}","templated":true}]}}