{"id":3330,"date":"2018-07-23T20:30:04","date_gmt":"2018-07-23T19:30:04","guid":{"rendered":"http:\/\/www.cdlpv.org\/dtl\/?p=3330"},"modified":"2018-07-23T19:08:20","modified_gmt":"2018-07-23T18:08:20","slug":"els-revessos-dels-drets-linguistics","status":"publish","type":"post","link":"https:\/\/www.cdlpv.org\/dtl\/2018\/07\/23\/els-revessos-dels-drets-linguistics\/","title":{"rendered":"Els revessos dels drets ling\u00fc\u00edstics"},"content":{"rendered":"<p>L&#8217;any 2018 estem tenint una collita de sent\u00e8ncies judicials, decisions pol\u00edtiques i sindicals que estan provocant un cert desconcert pel que fa la concepci\u00f3 que tenim dels drets ling\u00fc\u00edstics i de la democr\u00e0cia en el Pa\u00eds Valenci\u00e0, si m\u00e9s no, en alguna concepci\u00f3 sobre el que ha de ser el respecte als drets ling\u00fc\u00edstics dels ciutadans i la gesti\u00f3 de les administracions en este \u00e0mbit. Recopilem una petita mostra period\u00edstica que d\u00f3na una idea de la situaci\u00f3.<\/p>\n<p>Pel que fa al pluriling\u00fcisme en l&#8217;ensenyament:<\/p>\n<blockquote>\n<ul>\n<li>STEPV (<a href=\"http:\/\/stepv.intersindical.org\/noticies\/article\/les_sentencies_del_tsj_sobre_plurilingueisme_un_pas_mes_contra_lautogovern\" target=\"_blank\" rel=\"noopener\">29.04.2018<\/a>): \u00abLes sent\u00e8ncies del TSJ sobre pluriling\u00fcisme, un pas m\u00e9s contra l\u2019autogovern\u00bb<\/li>\n<li><em>Vilaweb<\/em> (<a href=\"https:\/\/www.vilaweb.cat\/noticies\/el-tsj-anulla-parcialment-el-decret-de-plurilinguisme-de-la-generalitat-que-ja-va-derogar-lo-el-desembre\/\" target=\"_blank\" rel=\"noopener\">26.04.2018<\/a>): \u00abEl TSJ anul\u00b7la parcialment el decret de pluriling\u00fcisme de la Generalitat, que ja va derogar-lo el desembre\u00bb<\/li>\n<li><em>Naci\u00f3 Digital<\/em> (<a href=\"https:\/\/www.naciodigital.cat\/noticia\/158658\/suprem\/ordena\/al\/tsj\/pais\/valencia\/deixi\/jutjar\/decret\/plurilinguisme\" target=\"_blank\" rel=\"noopener\">04.07.2018<\/a>): \u00abEl Suprem ordena al TSJ del Pa\u00eds Valenci\u00e0 que deixi de jutjar el Decret de Pluriling\u00fcisme\u00bb<\/li>\n<\/ul>\n<\/blockquote>\n<p>M\u00e9s enll\u00e0 de l&#8217;ensenyament, pel que fa al decret d&#8217;usos institucionals i administratius de les lleng\u00fces oficials (veg. <em>DTL,<\/em> <a href=\"http:\/\/www.cdlpv.org\/dtl\/2017\/06\/26\/dos-decrets-sobre-lus-del-valencia-usos-institucionals-i-denominacio-dels-municipis\/\" target=\"_blank\" rel=\"noopener\">26.06.2017<\/a>):<\/p>\n<blockquote>\n<ul>\n<li><em>dBalears<\/em> (<a href=\"https:\/\/dbalears.cat\/estat\/2018\/07\/18\/317635\/tsj-obliga-pais-valencia-dirigir-les-balears-catalunya-espanyol.html\" target=\"_blank\" rel=\"noopener\">18.07.2018<\/a>): \u00abEl TSJ obliga la Generalitat Valenciana a dirigir-se a les Balears i a Catalunya en espanyol\u00bb<\/li>\n<li><em>Diari La Veu<\/em> (<a href=\"https:\/\/www.diarilaveu.com\/noticia\/83213\/tsj-anula-parcialment-decret-us-valencia-administracio\" target=\"_blank\" rel=\"noopener\">18.07.2018<\/a>): \u00abEl TSJ anul\u00b7la parcialment el decret que prioritza l&#8217;\u00fas del valenci\u00e0 en l&#8217;administraci\u00f3\u00bb<\/li>\n<li><em>Diari La Veu<\/em> (<a href=\"https:\/\/www.diarilaveu.com\/noticia\/83220\/tsj-obliga-foment-valencia-i-tambe-castella\" target=\"_blank\" rel=\"noopener\">18.07.2018<\/a>): \u00abEl TSJ avala que el Consell fomente el valenci\u00e0 per\u00f2 sempre acompanyat del castell\u00e0\u00bb<\/li>\n<li><em>Vilaweb<\/em> (<a href=\"https:\/\/www.vilaweb.cat\/noticies\/el-tsj-retalla-el-decret-que-prioritza-lus-del-catala-a-ladministracio-al-pais-valencia\/\" target=\"_blank\" rel=\"noopener\">18.07.2018<\/a>): \u00abEl TSJ retalla el decret que prioritza l\u2019\u00fas del catal\u00e0 a l\u2019administraci\u00f3 del Pa\u00eds Valenci\u00e0\u00bb<\/li>\n<\/ul>\n<\/blockquote>\n<p>Naturalment, el rep\u00e0s es fa encara m\u00e9s alarmant quan l&#8217;empitjorament no tan sols t\u00e9 relaci\u00f3 amb uns pronunciaments judicials discutibles i caducs, sin\u00f3 amb una falta de previsi\u00f3 del que ha de ser la gesti\u00f3 ling\u00fc\u00edstica de les institucions, que \u00e9s el que s&#8217;ha produ\u00eft en el nucli central del sistema democr\u00e0tic valenci\u00e0, \u00e9s a dir, en les Corts Valencianes:<\/p>\n<blockquote>\n<ul>\n<li><em>Diari La Veu<\/em> (<a href=\"https:\/\/www.diarilaveu.com\/noticia\/74411\/morera-calre-llengua-minoritzada\" target=\"_blank\" rel=\"noopener\">09.06.2018<\/a>): \u00abMorera demanar\u00e0 als parlaments regionals europeus que reconeguen les lleng\u00fces minoritzades\u00bb<\/li>\n<li><em><span class=\"versaleta\">Diari per a T\u00e8cnics Ling\u00fc\u00edstics<\/span><\/em> (<a href=\"http:\/\/www.cdlpv.org\/dtl\/2018\/07\/09\/lacreditacio-idiomatica-en-les-corts-valencianes\/\" target=\"_blank\" rel=\"noopener\">09.07.2018<\/a>): \u00abL&#8217;acreditaci\u00f3 idiom\u00e0tica en les Corts Valencianes\u00bb<\/li>\n<li><em>Diari Sindical de les Corts<\/em> (<a href=\"https:\/\/stapv.wordpress.com\/2018\/06\/29\/la-capacitacio-linguistica-per-a-les-oposicions-de-les-corts\/\" target=\"_blank\" rel=\"noopener\">29.06.2018<\/a>): \u00abLa capacitaci\u00f3 ling\u00fc\u00edstica per a les oposicions de les Corts\u00bb<\/li>\n<li><em>El Temps<\/em> (<a href=\"https:\/\/www.eltemps.cat\/article\/4622\/la-batalla-inacabada-pels-drets-linguistics-a-les-corts-valencianes\" target=\"_blank\" rel=\"noopener\">12.07.2018<\/a>): \u00abLa batalla inacabada pels drets ling\u00fc\u00edstics a les Corts Valencianes\u00bb<\/li>\n<li><em>Diari La Veu<\/em> (<a href=\"https:\/\/www.diarilaveu.com\/noticia\/83072\/podem-intentara-salvar-absencia-requisit-demanant-el-valencia-en-cada-nova-placa\" target=\"_blank\" rel=\"noopener\">12.07.2018<\/a>): \u00abPodem proposa exigir el valenci\u00e0 als nous funcionaris de les Corts quan la necessitat &#8220;siga evident&#8221;\u00bb<\/li>\n<li><em>Jornada<\/em> (<a href=\"https:\/\/www.diarijornada.coop\/actualitat\/20180714\/descuit-morera-rere-perdua-requisit-linguistic\" target=\"_blank\" rel=\"noopener\">14.07.2018<\/a>): \u00abEl descuit de Morera rere la p\u00e8rdua del requisit ling\u00fc\u00edstic\u00bb<\/li>\n<\/ul>\n<\/blockquote>\n<p>Per a avan\u00e7ar en tots estos \u00e0mbits caldr\u00e0 dur avant una gesti\u00f3 pol\u00edtica rigorosa i previsora per a fixar un rumb clar que amplie i millore els espais d&#8217;\u00fas del valenci\u00e0. Ha de ser una gesti\u00f3 que ha de ser persistent i tena\u00e7 i que ha de buscar i trobar l&#8217;assessorament i els suports adequats per a cada q\u00fcesti\u00f3 i en cada moment. Els entrebancs i els revessos han de ser les ocasions per a reenfocar les estrat\u00e8gies i localitzar els punts que conv\u00e9 millorar.<\/p>\n","protected":false},"excerpt":{"rendered":"<p>L&#8217;any 2018 estem tenint una collita de sent\u00e8ncies judicials, decisions pol\u00edtiques i sindicals que estan provocant un cert desconcert pel que fa la concepci\u00f3 que tenim dels drets ling\u00fc\u00edstics i de la democr\u00e0cia en el Pa\u00eds Valenci\u00e0, si m\u00e9s no, en alguna concepci\u00f3 sobre el que ha de ser el respecte als drets ling\u00fc\u00edstics dels [&hellip;]<\/p>\n","protected":false},"author":56,"featured_media":0,"comment_status":"open","ping_status":"open","sticky":false,"template":"","format":"standard","meta":{"footnotes":""},"categories":[2,4,45,14,18,47,19,23,24,33],"tags":[127,376,381,435],"class_list":["post-3330","post","type-post","status-publish","format-standard","hentry","category-comunicacio","category-dret","category-ensenyament","category-jurisprudencia","category-oposicions","category-planificacio","category-politica","category-reglaments-linguistics","category-requisit-linguistic","category-ts","tag-corts","tag-politica-linguistica","tag-premsa","tag-sentencies"],"_links":{"self":[{"href":"https:\/\/www.cdlpv.org\/dtl\/wp-json\/wp\/v2\/posts\/3330","targetHints":{"allow":["GET"]}}],"collection":[{"href":"https:\/\/www.cdlpv.org\/dtl\/wp-json\/wp\/v2\/posts"}],"about":[{"href":"https:\/\/www.cdlpv.org\/dtl\/wp-json\/wp\/v2\/types\/post"}],"author":[{"embeddable":true,"href":"https:\/\/www.cdlpv.org\/dtl\/wp-json\/wp\/v2\/users\/56"}],"replies":[{"embeddable":true,"href":"https:\/\/www.cdlpv.org\/dtl\/wp-json\/wp\/v2\/comments?post=3330"}],"version-history":[{"count":6,"href":"https:\/\/www.cdlpv.org\/dtl\/wp-json\/wp\/v2\/posts\/3330\/revisions"}],"predecessor-version":[{"id":3336,"href":"https:\/\/www.cdlpv.org\/dtl\/wp-json\/wp\/v2\/posts\/3330\/revisions\/3336"}],"wp:attachment":[{"href":"https:\/\/www.cdlpv.org\/dtl\/wp-json\/wp\/v2\/media?parent=3330"}],"wp:term":[{"taxonomy":"category","embeddable":true,"href":"https:\/\/www.cdlpv.org\/dtl\/wp-json\/wp\/v2\/categories?post=3330"},{"taxonomy":"post_tag","embeddable":true,"href":"https:\/\/www.cdlpv.org\/dtl\/wp-json\/wp\/v2\/tags?post=3330"}],"curies":[{"name":"wp","href":"https:\/\/api.w.org\/{rel}","templated":true}]}}