{"id":3320,"date":"2018-07-09T22:37:05","date_gmt":"2018-07-09T21:37:05","guid":{"rendered":"http:\/\/www.cdlpv.org\/dtl\/?p=3320"},"modified":"2018-07-12T11:19:05","modified_gmt":"2018-07-12T10:19:05","slug":"lacreditacio-idiomatica-en-les-corts-valencianes","status":"publish","type":"post","link":"https:\/\/www.cdlpv.org\/dtl\/2018\/07\/09\/lacreditacio-idiomatica-en-les-corts-valencianes\/","title":{"rendered":"L&#8217;acreditaci\u00f3 idiom\u00e0tica en les Corts Valencianes"},"content":{"rendered":"<p align=\"left\">En les Corts s&#8217;ha mogut un poquet la q\u00fcesti\u00f3 de les necessitats de capacitaci\u00f3 ling\u00fc\u00edstica de les persones que aspiren a ser funcion\u00e0ries de la instituci\u00f3. Durant massa d\u00e8cades de desatenci\u00f3, el valor percentual de la prova de valenci\u00e0 oscil\u00b7lava \u2014per als funcionaris amb funcions no ling\u00fc\u00edstiques\u2014, entre el 0% i el 20% de la fase d&#8217;oposici\u00f3, sense que el suspens tinguera car\u00e0cter eliminatori \u2014situaci\u00f3 que permetia arribar a ser funcionari amb un zero red\u00f3 en coneiximents de valenci\u00e0.<\/p>\n<p><b>Catalunya, Gal\u00edcia i acord sindical del 2016<\/b><\/p>\n<p>Es suposava que actualment seria possible aplicar un poc m\u00e9s d&#8217;exig\u00e8ncia en este sentit \u2014tal com es fa en Catalunya, tal com es fa en Gal\u00edcia amb el gallec\u2014 gr\u00e0cies a la composici\u00f3 pol\u00edtica de la Mesa de les Corts d&#8217;esta legislatura i, m\u00e9s encara, perqu\u00e8 hi havia un <a href=\"https:\/\/www.diarilaveu.com\/noticia\/24001\/%20un-acord-historic-per-demanar-la-competencia-linguistica-en-tota-ladministracio-valenciana\" target=\"_blank\" rel=\"noopener\">acord sindical<\/a> del 2016 en eixe sentit.<\/p>\n<p><b>Proposta \u00abdesacreditadora\u00bb de la Secretaria General<\/b><\/p>\n<p>Tanmateix, la proposta de la Secretaria General de la instituci\u00f3 \u2014\u00e9s a dir, proposta sorgida del lletrat major, funcionari de les Corts en nomenament per lliure designaci\u00f3 que dirigix l&#8217;administraci\u00f3 de la instituci\u00f3, seguint, en teoria, la direcci\u00f3 superior de la presid\u00e8ncia i de la mesa del parlament\u2014 de valoraci\u00f3 del valenci\u00e0 en la fase d&#8217;oposici\u00f3 de l&#8217;oferta p\u00fablica que s&#8217;estava preparant, empitjorava l&#8217;acreditaci\u00f3 del coneiximent: oferia una <em>tarifa plana<\/em> del 8,33% de la nota (5 punts sobre 60) en un examen obligatori \u2014examen establit en l&#8217;Estatut del personal de les Corts (<a href=\"http:\/\/www.dogv.gva.es\/datos\/2010\/07\/16\/pdf\/2010_8000.pdf\" target=\"_blank\" rel=\"noopener\">EPCV<\/a>, article 62) del 2010\u2014, per\u00f2 no eliminatori, per a totes les categories laborals i sense indicaci\u00f3 del nivell d&#8217;exig\u00e8ncia.<\/p>\n<p><b>Reivindicaci\u00f3 de l&#8217;STAS i contradiccions d&#8217;altres sindicats<\/b><\/p>\n<p>En les negociacions entre la Secretaria General i la part social, que es duien a terme en una comissi\u00f3 t\u00e8cnica, l&#8217;STAS (Intersindical Valenciana) es va oposar a eixa proposta (i va proposar una <a href=\"https:\/\/stapv.wordpress.com\/2018\/06\/19\/oop-2018-acreditacio-del-valencia\/\" target=\"_blank\" rel=\"noopener\">alternativa<\/a>), tant perqu\u00e8 incomplix un deure b\u00e0sic de l&#8217;administraci\u00f3, dotar-se del personal capacitat per a atendre les seues funcions, com perqu\u00e8 la proposta no arreplega mesures per a fomentar la promoci\u00f3 interna i l&#8217;estabilitzaci\u00f3 del personal inter\u00ed. En canvi, les seccions sindicals d&#8217;UGT (vegeu un <a href=\"https:\/\/www.levante-emv.com\/opinion\/2016\/03\/03\/requisit-linguistic-i-discriminacio\/1386721.html\" target=\"_blank\" rel=\"noopener\">article<\/a> de Jordi Sebasti\u00e0 del 2016) i CCOO (vegeu un <a href=\"https:\/\/www.levante-emv.com\/opinion\/2009\/09\/23\/requisit-valencia-descredit-cc-oo\/633925.html\" target=\"_blank\" rel=\"noopener\">article<\/a> de Francesc Esteve del 2009) van acceptar la proposta dels representants de la instituci\u00f3 \u2014incl\u00fas pretenien rebaixar-la a simple m\u00e8rit, per\u00f2 l&#8217;EPCV els ho impedia.<\/p>\n<p><b>Intervenci\u00f3 pol\u00edtica<\/b><\/p>\n<p>En aix\u00f2 que apareix en els diaris (\u00abLes Corts, sin requisito\u00bb, <em>Las Provincias<\/em>, <a href=\"http:\/\/www.lasprovincias.es\/politica\/corts-requisito-20180618010637-ntvo.html\" target=\"_blank\" rel=\"noopener\">18.06.2018<\/a>) una not\u00edcia que destacava un incompliment pol\u00edtic de Comprom\u00eds en esta q\u00fcesti\u00f3: \u00abcuando ha tenido la posibilidad de reclamarlo, no lo ha hecho\u00bb. A partir d&#8217;ac\u00ed, el president de les Corts, Enric Morera,\u00a0decidix intervindre en este punt de les negociacions per a reclamar l&#8217;establiment de l&#8217;acreditaci\u00f3 del valenci\u00e0 per als aspirants a funcionaris de les Corts, \u00e9s a dir, pretenent corregir la proposta de la Secretaria General de la instituci\u00f3. Llavors es produ\u00efxen, \u00e9s clar, els fen\u00f2mens habituals de les pol\u00e8miques ling\u00fc\u00edstiques, amb pol\u00edtics desinformats, pol\u00edtics fent c\u00e0lculs de r\u00e8dits electorals amb la manipulaci\u00f3 d&#8217;este tema i mitjans que fan versions per a tots els gustos (vegeu: <a href=\"http:\/\/www.elmundo.es\/comunidad-valenciana\/2018\/06\/27\/5b327be4e2704ea4188b4577.html\" target=\"_blank\" rel=\"noopener\"><em>El Mundo<\/em><\/a>, <a href=\"http:\/\/www.lasprovincias.es\/politica\/corts-frena-oferta-20180627235308-ntvo.html\" target=\"_blank\" rel=\"noopener\"><em>Las Provincias<\/em><\/a>, <a href=\"https:\/\/www.levante-emv.com\/comunitat-valenciana\/2018\/06\/27\/freno-plan-empleo-corts-exigir\/1737273.html\" target=\"_blank\" rel=\"noopener\"><em>Levante<\/em><\/a>, <em><a href=\"https:\/\/www.vilaweb.cat\/noticies\/morera-exigeix-la-competencia-linguistica-per-a-treballar-a-les-corts\/\" target=\"_blank\" rel=\"noopener\">Vilaweb<\/a><\/em>).<\/p>\n<p><strong>Par\u00e0lisi i informe jur\u00eddic<\/strong><\/p>\n<p>El cas \u00e9s que l&#8217;oferta d&#8217;ocupaci\u00f3 p\u00fablica de les Corts s&#8217;ha paralitzat. Mentrestant, els serveis jur\u00eddics de la cambra han fet un informe sobre la q\u00fcesti\u00f3 (informe que no hem pogut llegir, per\u00f2 que podem imaginar i que aventurem que estar\u00e0 escrit nom\u00e9s en castell\u00e0: en l&#8217;\u00faltima convocat\u00f2ria per a lletrat de les Corts, any 2016, la nota de l&#8217;examen obligatori, per\u00f2 no eliminatori, de valenci\u00e0 va ser de poc m\u00e9s del 6% del total de la fase d&#8217;oposici\u00f3, \u00a1i no sabem de quin nivell!).<\/p>\n<p><strong>Institucions capacitades en valenci\u00e0<\/strong><\/p>\n<p>Per sort, hi ha molts ajuntaments valencians que fa d\u00e8cades que van establir l&#8217;acreditaci\u00f3 obligat\u00f2ria dels coneiximents ling\u00fc\u00edstics d&#8217;acord amb les funcions dels llocs de treball i per diversos mitjans, d&#8217;acord amb les pautes establides pels tribunals. Malauradament, la gesti\u00f3 administrativa de la instituci\u00f3 parlament\u00e0ria, seguint la deriva que arrossega des de fa d\u00e8cades, desat\u00e9n encara les implicacions del fet que els drets ling\u00fc\u00edstics dels ciutadans valencians s\u00f3n una obligaci\u00f3 administrativa que s&#8217;ha de garantir \u2014si m\u00e9s no\u2014 per a les dos lleng\u00fces oficials del Pa\u00eds Valenci\u00e0.<\/p>\n<p>El tema dels drets ling\u00fc\u00edstics continua sent un caramelet per als tripijocs, l&#8217;estafa permanent als ciutadans i la demag\u00f2gia m\u00e9s malcarada. Les propostes de soluci\u00f3 s\u00f3n conegudes i han segut validades pels tribunals. Com sempre, cal un poc de convicci\u00f3 \u00e8tica i, sobretot, un pessic de voluntat pol\u00edtica.<\/p>\n","protected":false},"excerpt":{"rendered":"<p>En les Corts s&#8217;ha mogut un poquet la q\u00fcesti\u00f3 de les necessitats de capacitaci\u00f3 ling\u00fc\u00edstica de les persones que aspiren a ser funcion\u00e0ries de la instituci\u00f3. Durant massa d\u00e8cades de desatenci\u00f3, el valor percentual de la prova de valenci\u00e0 oscil\u00b7lava \u2014per als funcionaris amb funcions no ling\u00fc\u00edstiques\u2014, entre el 0% i el 20% de la [&hellip;]<\/p>\n","protected":false},"author":56,"featured_media":0,"comment_status":"open","ping_status":"open","sticky":false,"template":"","format":"standard","meta":{"footnotes":""},"categories":[4,15,18,47,19,24],"tags":[127,441],"class_list":["post-3320","post","type-post","status-publish","format-standard","hentry","category-dret","category-laboral","category-oposicions","category-planificacio","category-politica","category-requisit-linguistic","tag-corts","tag-sindicats"],"_links":{"self":[{"href":"https:\/\/www.cdlpv.org\/dtl\/wp-json\/wp\/v2\/posts\/3320","targetHints":{"allow":["GET"]}}],"collection":[{"href":"https:\/\/www.cdlpv.org\/dtl\/wp-json\/wp\/v2\/posts"}],"about":[{"href":"https:\/\/www.cdlpv.org\/dtl\/wp-json\/wp\/v2\/types\/post"}],"author":[{"embeddable":true,"href":"https:\/\/www.cdlpv.org\/dtl\/wp-json\/wp\/v2\/users\/56"}],"replies":[{"embeddable":true,"href":"https:\/\/www.cdlpv.org\/dtl\/wp-json\/wp\/v2\/comments?post=3320"}],"version-history":[{"count":7,"href":"https:\/\/www.cdlpv.org\/dtl\/wp-json\/wp\/v2\/posts\/3320\/revisions"}],"predecessor-version":[{"id":3329,"href":"https:\/\/www.cdlpv.org\/dtl\/wp-json\/wp\/v2\/posts\/3320\/revisions\/3329"}],"wp:attachment":[{"href":"https:\/\/www.cdlpv.org\/dtl\/wp-json\/wp\/v2\/media?parent=3320"}],"wp:term":[{"taxonomy":"category","embeddable":true,"href":"https:\/\/www.cdlpv.org\/dtl\/wp-json\/wp\/v2\/categories?post=3320"},{"taxonomy":"post_tag","embeddable":true,"href":"https:\/\/www.cdlpv.org\/dtl\/wp-json\/wp\/v2\/tags?post=3320"}],"curies":[{"name":"wp","href":"https:\/\/api.w.org\/{rel}","templated":true}]}}