{"id":332,"date":"2008-03-05T18:24:40","date_gmt":"2008-03-05T17:24:40","guid":{"rendered":"http:\/\/www.cdlpv.org\/dtl\/?p=332"},"modified":"2008-03-05T18:24:40","modified_gmt":"2008-03-05T17:24:40","slug":"la-persecucio-de-la-llengua-de-mariano-rajoy","status":"publish","type":"post","link":"https:\/\/www.cdlpv.org\/dtl\/2008\/03\/05\/la-persecucio-de-la-llengua-de-mariano-rajoy\/","title":{"rendered":"La persecuci\u00f3 de la llengua de Mariano Rajoy"},"content":{"rendered":"<p>El diari <em>El Pa\u00eds<\/em> (<a href=\"http:\/\/www.elpais.com\/articulo\/espana\/negocio\/idiomas\/elpepiesp\/20080305elpepinac_5\/Tes\" target=\"_blank\">05.03.2008)<\/a> aclarix la situaci\u00f3 i les opinions del ciutad\u00e0 catal\u00e0 Nevot esmentat per l&#8217;actual president del <span class=\"versaleta\">pp<\/span> espanyol Mariano Rajoy en el debat televisat amb Rodr\u00edguez Zapatero:<\/p>\n<blockquote>\n<h2>Un negoci entre dos idiomes<\/h2>\n<h3>L&#8217;agent immobiliari al\u00b7ludit per Rajoy rebutja la multa per no retolar en catal\u00e0, per\u00f2 opina que no hi ha persecuci\u00f3 de l&#8217;espanyol a Catalunya<\/h3>\n<h5>A. Mars \/ P. Lobato &#8211; Barcelona \u2013 05.03.2008<\/h5>\n<p>Manuel Nevot no creu que el castell\u00e0 estiga perseguit a Catalunya. Per\u00f2 el Govern catal\u00e0 li ha posat una multa de 400 euros perqu\u00e8 el r\u00e8tol de la seua immobili\u00e0ria no est\u00e0 en catal\u00e0 i es nega a pagar-la. Tampoc ha pagat, dit siga de passada, uns altres 400 euros per no disposar del llibre de reclamacions. El cas de Finques Nevot, en la localitat barcelonina de Vilanova i la Geltr\u00fa, va saltar a la palestra dilluns quan el l\u00edder del <span class=\"versaleta\">pp<\/span>, Mariano Rajoy, ho va traure per a intentar pujar-li els colors a Jos\u00e9 Luis Rodr\u00edguez Zapatero en el seu segon debat cara a cara.<\/p>\n<p>\u00abEm vaig quedar estupefacte\u00bb, va afirmar ahir este agent que es declara votant del <span class=\"versaleta\">pp<\/span> i va autoritzar al diputat popular en el Parlament catal\u00e0 Santi Rodr\u00edguez que publicitara la seua sanci\u00f3, encara que no ho esperava en boca del mateix Rajoy. Ahir va reclamar que no s&#8217;interpreten les paraules del candidat del <span class=\"versaleta\">pp<\/span> com a exemple d&#8217;un assetjament del castell\u00e0. \u00abNi ell ho va dir ni cree que haja cap persecuci\u00f3\u00bb, assegura Nevot, que va n\u00e0ixer en Vilanova, com els seus avis, i que sempre parla en catal\u00e0 i castell\u00e0 \u00absense haver tingut mai cap problema\u00bb. Tamb\u00e9 va assenyalar que Zapatero \u00abno t\u00e9 la culpa\u00bb de la sanci\u00f3.<\/p>\n<p>El <span class=\"versaleta\">pp<\/span> ha pres en els \u00faltims temps el debat ling\u00fc\u00edstic com el seu nou cavall de batalla, ha intentat arravatar-li esta bandera a Ciutadans, el partit que va debutar en el Parlament catal\u00e0 amb una pregunta sobre la llengua.<\/p>\n<p>En Catalunya no es multa a cap empresa per retolar en castell\u00e0, sin\u00f3 per no fer-ho, almenys, en catal\u00e0. No hi ha conflicte amb les retolacions biling\u00fces per\u00f2, si la informaci\u00f3 (que no la marca comercial) apareix en un nom\u00e9s idioma, este s\u00ed que ha de ser el catal\u00e0. \u00c9s el que establix la llei de pol\u00edtica ling\u00fc\u00edstica de 1998. Una llei que l&#8217;agent immobiliari de Rajoy va titllar ahir de \u00abtiquismiquis\u00bb.<br \/>\nLes sancions les imposa l&#8217;Ag\u00e8ncia Catalana del Consum, dependent de la Generalitat, que a l&#8217;octubre de 2005 va rebre la den\u00fancia d&#8217;un ciutad\u00e0 contra Finques Nevot. Al gener de 2006 van requerir l&#8217;empresa que retolara en catal\u00e0 i passats quatre mesos no ho havia fet; per aix\u00f2, a l&#8217;octubre de 2007 li van imposar una sanci\u00f3 que est\u00e0 recorreguda. Nevot al\u00b7lega que complix la llei perqu\u00e8, encara que el seu cartell resa des del 1982 \u00abFincas Nevot, compraventa de pisos solares y r\u00fasticos\u00bb, en la porta figura en catal\u00e0 \u00abFinques Nevot\u00bb.<\/p>\n<blockquote style=\"width: 50%; float:right;overflow:hidden;margin:10px 0px 10px 10px;padding-bottom:10px;\">\n<h3>Sancions per no retolar en catal\u00e0<\/h3>\n<ul>\n<li>2003: 2 sancions, per valor de 1.200 euros.\n<li>2004: 22 sancions, per valor de 46.300 euros\n<li>2005: 119 sancions, per valor de 122.050 euros\n<li>2006: 65 sancions, per valor de 48.625 euros\n<\/ul>\n<p>En 2004 i 2005 l&#8217;Ag\u00e8ncia de Consum depenia d&#8217;ERC. A mitjan 2006 va passar al PSC, que f\u00e9u prevaldre \u00abconv\u00e9ncer enfront de multar\u00bb<\/p><\/blockquote>\n<p>Els efectes de les lleis varien en funci\u00f3 de qui les aplica. Quan Consum depenia d&#8217;Esquerra, la inspecci\u00f3 es va disparar (veg. el quadre). Quan va passar a departaments del PSC (Treball o Economia) \u00abes va optar m\u00e9s per conv\u00e9ncer que per sancionar\u00bb. Tamb\u00e9 influ\u00efx que l&#8217;aplicaci\u00f3 de la llei va ser gradual i les sancions van comen\u00e7ar en 2003. Les multes lleus, que s\u00f3n les que s&#8217;apliquen, segons Consum, poden sumar un topall de 3.000 euros.<\/p>\n<p>La pol\u00e8mica est\u00e0 servida per a qui vulga traure&#8217;n profit. Ahir, gr\u00e0cies a la publicitat que li va donar Rajoy al seu cas, el local de Nevot va veure el dia amb adhesius independentistes.\n<\/p><\/blockquote>\n<p>La manipulaci\u00f3 malintencionada de Rajoy &mdash;i del <span class=\"versaleta\">pp<\/span> catal\u00e0&mdash; va contrastar amb la desinformaci\u00f3 manifesta quant a dret ling\u00fc\u00edstic del candidat socialista Rodr\u00edguez Zapatero, ignor\u00e0ncia que en un estat amb cinc lleng\u00fces oficials, si m\u00e9s no, no hauria de ser acceptable per a cap dirigent pol\u00edtic.<\/p>\n","protected":false},"excerpt":{"rendered":"<p>El diari El Pa\u00eds (05.03.2008) aclarix la situaci\u00f3 i les opinions del ciutad\u00e0 catal\u00e0 Nevot esmentat per l&#8217;actual president del pp espanyol Mariano Rajoy en el debat televisat amb Rodr\u00edguez Zapatero: Un negoci entre dos idiomes L&#8217;agent immobiliari al\u00b7ludit per Rajoy rebutja la multa per no retolar en catal\u00e0, per\u00f2 opina que no hi ha [&hellip;]<\/p>\n","protected":false},"author":2,"featured_media":0,"comment_status":"open","ping_status":"open","sticky":false,"template":"","format":"standard","meta":{"footnotes":""},"categories":[36,7,1,25],"tags":[169,401,523],"class_list":["post-332","post","type-post","status-publish","format-standard","hentry","category-allofobia","category-empreses","category-general","category-retolacio","tag-eleccions-generals","tag-rajoy","tag-zapatero"],"_links":{"self":[{"href":"https:\/\/www.cdlpv.org\/dtl\/wp-json\/wp\/v2\/posts\/332","targetHints":{"allow":["GET"]}}],"collection":[{"href":"https:\/\/www.cdlpv.org\/dtl\/wp-json\/wp\/v2\/posts"}],"about":[{"href":"https:\/\/www.cdlpv.org\/dtl\/wp-json\/wp\/v2\/types\/post"}],"author":[{"embeddable":true,"href":"https:\/\/www.cdlpv.org\/dtl\/wp-json\/wp\/v2\/users\/2"}],"replies":[{"embeddable":true,"href":"https:\/\/www.cdlpv.org\/dtl\/wp-json\/wp\/v2\/comments?post=332"}],"version-history":[{"count":0,"href":"https:\/\/www.cdlpv.org\/dtl\/wp-json\/wp\/v2\/posts\/332\/revisions"}],"wp:attachment":[{"href":"https:\/\/www.cdlpv.org\/dtl\/wp-json\/wp\/v2\/media?parent=332"}],"wp:term":[{"taxonomy":"category","embeddable":true,"href":"https:\/\/www.cdlpv.org\/dtl\/wp-json\/wp\/v2\/categories?post=332"},{"taxonomy":"post_tag","embeddable":true,"href":"https:\/\/www.cdlpv.org\/dtl\/wp-json\/wp\/v2\/tags?post=332"}],"curies":[{"name":"wp","href":"https:\/\/api.w.org\/{rel}","templated":true}]}}