{"id":3315,"date":"2018-06-23T15:30:17","date_gmt":"2018-06-23T14:30:17","guid":{"rendered":"http:\/\/www.cdlpv.org\/dtl\/?p=3315"},"modified":"2018-06-23T11:19:45","modified_gmt":"2018-06-23T10:19:45","slug":"el-valencia-mitja-en-leducacio","status":"publish","type":"post","link":"https:\/\/www.cdlpv.org\/dtl\/2018\/06\/23\/el-valencia-mitja-en-leducacio\/","title":{"rendered":"El valenci\u00e0 mitj\u00e0 en l&#8217;educaci\u00f3"},"content":{"rendered":"<p>Podem llegir en el <em>Diari La Veu<\/em> (<a href=\"https:\/\/www.diarilaveu.com\/noticia\/82654\/alumnat-linia-valencia-tindra-certificat-c1?id_butlleti_enviar=2045&amp;utm_source=butlleti_article&amp;utm_medium=butlleti&amp;utm_campaign=Array\" target=\"_blank\" rel=\"noopener\">23.06.2018<\/a>) que, per fi, l&#8217;educaci\u00f3 en valenci\u00e0 assolir\u00e0 l&#8217;objectiu d&#8217;acreditar capacitaci\u00f3 ling\u00fc\u00edstica davant de l&#8217;administraci\u00f3 p\u00fablica:<\/p>\n<blockquote>\n<h1 class=\"article__title\">Educaci\u00f3 atorgar\u00e0 el C1 als alumnes de les antigues l\u00ednies en valenci\u00e0 que no tinguen el &#8216;Mitj\u00e0&#8217;<\/h1>\n<\/blockquote>\n<p>El decret va passar el tr\u00e0mit de <a href=\"http:\/\/www.ceice.gva.es\/ca\/consulta-publica\/procesos-cerrados\/-\/asset_publisher\/YbFRv01PCNb5\/content\/projecte-de-decret-de-reconeixement-de-certificacions-linguistiques-d%E2%80%99homologacio-per-estudis-de-competencies-linguistiques-i-de-creacio-del-registr-1?redirect=http%3A%2F%2Fwww.ceice.gva.es%2Fca%2Fconsulta-publica%2Fprocesos-cerrados%3Fp_p_id%3D101_INSTANCE_YbFRv01PCNb5%26p_p_lifecycle%3D0%26p_p_state%3Dnormal%26p_p_mode%3Dview%26p_p_col_id%3Dcolumn-2%26p_p_col_pos%3D1%26p_p_col_count%3D2\" target=\"_blank\" rel=\"noopener\">consulta p\u00fablica pr\u00e8via<\/a> (tancat el 16 de mar\u00e7 passat), on la conselleria exposava les raons de la nova norma. La finalitat era resoldre alguns problemes:<\/p>\n<blockquote>\n<div>&#8211; Dotar de coher\u00e8ncia el reconeixement de t\u00edtols i certificats ling\u00fc\u00edstics d&#8217;algunes institucions privades i p\u00fabliques per part de l&#8217;Administraci\u00f3 respecte als requisits exigits en les certificacions oficials d&#8217;ensenyament reglat.<\/div>\n<div>&#8211; Arbitrar el procediment pel qual l&#8217;alumnat del sistema educatiu valenci\u00e0 podr\u00e0 obtindre el certificat acreditatiu de nivell de valenci\u00e0 i angl\u00e9s previst en la Llei 4\/2018.<\/div>\n<div>&#8211; Realitzar un seguiment i control de les certificacions ling\u00fc\u00edstiques per a contribur a l&#8217;an\u00e0lisi de l&#8217;evoluci\u00f3 en les compet\u00e8ncies ling\u00fc\u00edstiques de la ciutadania mitjant la creaci\u00f3 d&#8217;un registre administratiu d&#8217;aquests certificats.<\/div>\n<\/blockquote>\n<div>El cam\u00ed de la pol\u00edtica ling\u00fc\u00edstica democr\u00e0tica \u00e9s complex i llarg, t\u00e9 molta hist\u00f2ria de greuges del passat, per\u00f2 decisions com esta s\u00f3n una espenta per a enfilar el cam\u00ed del futur amb l&#8217;horitz\u00f3 m\u00e9s clar.<\/div>\n","protected":false},"excerpt":{"rendered":"<p>Podem llegir en el Diari La Veu (23.06.2018) que, per fi, l&#8217;educaci\u00f3 en valenci\u00e0 assolir\u00e0 l&#8217;objectiu d&#8217;acreditar capacitaci\u00f3 ling\u00fc\u00edstica davant de l&#8217;administraci\u00f3 p\u00fablica: Educaci\u00f3 atorgar\u00e0 el C1 als alumnes de les antigues l\u00ednies en valenci\u00e0 que no tinguen el &#8216;Mitj\u00e0&#8217; El decret va passar el tr\u00e0mit de consulta p\u00fablica pr\u00e8via (tancat el 16 de mar\u00e7 [&hellip;]<\/p>\n","protected":false},"author":56,"featured_media":0,"comment_status":"open","ping_status":"open","sticky":false,"template":"","format":"standard","meta":{"footnotes":""},"categories":[45,10,13,15,47,23,24],"tags":[376],"class_list":["post-3315","post","type-post","status-publish","format-standard","hentry","category-ensenyament","category-formacio","category-jqcv","category-laboral","category-planificacio","category-reglaments-linguistics","category-requisit-linguistic","tag-politica-linguistica"],"_links":{"self":[{"href":"https:\/\/www.cdlpv.org\/dtl\/wp-json\/wp\/v2\/posts\/3315","targetHints":{"allow":["GET"]}}],"collection":[{"href":"https:\/\/www.cdlpv.org\/dtl\/wp-json\/wp\/v2\/posts"}],"about":[{"href":"https:\/\/www.cdlpv.org\/dtl\/wp-json\/wp\/v2\/types\/post"}],"author":[{"embeddable":true,"href":"https:\/\/www.cdlpv.org\/dtl\/wp-json\/wp\/v2\/users\/56"}],"replies":[{"embeddable":true,"href":"https:\/\/www.cdlpv.org\/dtl\/wp-json\/wp\/v2\/comments?post=3315"}],"version-history":[{"count":2,"href":"https:\/\/www.cdlpv.org\/dtl\/wp-json\/wp\/v2\/posts\/3315\/revisions"}],"predecessor-version":[{"id":3317,"href":"https:\/\/www.cdlpv.org\/dtl\/wp-json\/wp\/v2\/posts\/3315\/revisions\/3317"}],"wp:attachment":[{"href":"https:\/\/www.cdlpv.org\/dtl\/wp-json\/wp\/v2\/media?parent=3315"}],"wp:term":[{"taxonomy":"category","embeddable":true,"href":"https:\/\/www.cdlpv.org\/dtl\/wp-json\/wp\/v2\/categories?post=3315"},{"taxonomy":"post_tag","embeddable":true,"href":"https:\/\/www.cdlpv.org\/dtl\/wp-json\/wp\/v2\/tags?post=3315"}],"curies":[{"name":"wp","href":"https:\/\/api.w.org\/{rel}","templated":true}]}}