{"id":3311,"date":"2018-06-16T20:30:18","date_gmt":"2018-06-16T19:30:18","guid":{"rendered":"http:\/\/www.cdlpv.org\/dtl\/?p=3311"},"modified":"2018-06-16T17:34:53","modified_gmt":"2018-06-16T16:34:53","slug":"sequera-en-la-docencia","status":"publish","type":"post","link":"https:\/\/www.cdlpv.org\/dtl\/2018\/06\/16\/sequera-en-la-docencia\/","title":{"rendered":"Sequera en la doc\u00e8ncia"},"content":{"rendered":"<p>L&#8217;article de V\u00edctor Maceda \u00abEl catal\u00e0 no t\u00e9 qui l&#8217;ensenye\u00bb (<em>El Temps,<\/em> <a href=\"https:\/\/www.eltemps.cat\/article\/4201\/el-catala-no-te-qui-lensenye\" target=\"_blank\" rel=\"noopener\">21.05.2018<\/a>) alerta de la necessitat de professionals docents per a ensenyar la llengua a tot el domini ling\u00fc\u00edstic. Diversos directors de departaments exposen el seu punt de vista sobre la situaci\u00f3:<\/p>\n<blockquote><p>El catedr\u00e0tic Emili Casanova, director de Filologia Catalana a la UV, no se\u2019n sap avenir: \u00abEl curs vinent, \u00fanicament al Pa\u00eds Valenci\u00e0, necessitarem 100 docents nous\u201d, afirma, \u201ci durant la pr\u00f2xima d\u00e8cada en caldran uns 300 m\u00e9s\u00bb.<\/p><\/blockquote>\n","protected":false},"excerpt":{"rendered":"<p>L&#8217;article de V\u00edctor Maceda \u00abEl catal\u00e0 no t\u00e9 qui l&#8217;ensenye\u00bb (El Temps, 21.05.2018) alerta de la necessitat de professionals docents per a ensenyar la llengua a tot el domini ling\u00fc\u00edstic. Diversos directors de departaments exposen el seu punt de vista sobre la situaci\u00f3: El catedr\u00e0tic Emili Casanova, director de Filologia Catalana a la UV, no [&hellip;]<\/p>\n","protected":false},"author":56,"featured_media":0,"comment_status":"open","ping_status":"open","sticky":false,"template":"","format":"standard","meta":{"footnotes":""},"categories":[2,45,10,15],"tags":[64,164],"class_list":["post-3311","post","type-post","status-publish","format-standard","hentry","category-comunicacio","category-ensenyament","category-formacio","category-laboral","tag-articles","tag-educacio"],"_links":{"self":[{"href":"https:\/\/www.cdlpv.org\/dtl\/wp-json\/wp\/v2\/posts\/3311","targetHints":{"allow":["GET"]}}],"collection":[{"href":"https:\/\/www.cdlpv.org\/dtl\/wp-json\/wp\/v2\/posts"}],"about":[{"href":"https:\/\/www.cdlpv.org\/dtl\/wp-json\/wp\/v2\/types\/post"}],"author":[{"embeddable":true,"href":"https:\/\/www.cdlpv.org\/dtl\/wp-json\/wp\/v2\/users\/56"}],"replies":[{"embeddable":true,"href":"https:\/\/www.cdlpv.org\/dtl\/wp-json\/wp\/v2\/comments?post=3311"}],"version-history":[{"count":1,"href":"https:\/\/www.cdlpv.org\/dtl\/wp-json\/wp\/v2\/posts\/3311\/revisions"}],"predecessor-version":[{"id":3312,"href":"https:\/\/www.cdlpv.org\/dtl\/wp-json\/wp\/v2\/posts\/3311\/revisions\/3312"}],"wp:attachment":[{"href":"https:\/\/www.cdlpv.org\/dtl\/wp-json\/wp\/v2\/media?parent=3311"}],"wp:term":[{"taxonomy":"category","embeddable":true,"href":"https:\/\/www.cdlpv.org\/dtl\/wp-json\/wp\/v2\/categories?post=3311"},{"taxonomy":"post_tag","embeddable":true,"href":"https:\/\/www.cdlpv.org\/dtl\/wp-json\/wp\/v2\/tags?post=3311"}],"curies":[{"name":"wp","href":"https:\/\/api.w.org\/{rel}","templated":true}]}}