{"id":330,"date":"2008-03-05T11:33:53","date_gmt":"2008-03-05T10:33:53","guid":{"rendered":"http:\/\/www.cdlpv.org\/dtl\/?p=330"},"modified":"2008-03-05T11:33:53","modified_gmt":"2008-03-05T10:33:53","slug":"premis-per-lus-del-valencia-en-les-festes-de-la-magdalena","status":"publish","type":"post","link":"https:\/\/www.cdlpv.org\/dtl\/2008\/03\/05\/premis-per-lus-del-valencia-en-les-festes-de-la-magdalena\/","title":{"rendered":"Premis per l&#8217;\u00fas del valenci\u00e0 en les festes de la Magdalena"},"content":{"rendered":"<p>El <span class=\"versaleta\">cidaj<\/span> ens envia la informaci\u00f3 seg\u00fcent:<\/p>\n<blockquote><p>\nRESOLUCI\u00d3 de 20 de febrer de 2008, de la Conselleria d&#8217;Educaci\u00f3, per la qual s&#8217;adjudiquen els Premis de la Generalitat per a les activitats de promoci\u00f3 de l&#8217;\u00fas del valenci\u00e0 en les festes de la Magdalena en l&#8217;\u00e0mbit de la Comunitat Valenciana. [2008\/2630] (<span class=\"versaleta\"><em>docv<\/em><\/span> n\u00fam. 5.716, de 04.03.2008)<br \/>\n&#8211; <a href=\"http:\/\/www.pre.gva.es\/L\/BASIS\/BDLGVPU\/WEB\/LEV_LISTADOS_TEXTO\/DDW?W%3DSIGNATURA_N=2740+AND+SIGNATURA_A=2008%26R%3DN\" target=\"_blank\">vegeu text<\/a>\n<\/p><\/blockquote>\n","protected":false},"excerpt":{"rendered":"<p>El cidaj ens envia la informaci\u00f3 seg\u00fcent: RESOLUCI\u00d3 de 20 de febrer de 2008, de la Conselleria d&#8217;Educaci\u00f3, per la qual s&#8217;adjudiquen els Premis de la Generalitat per a les activitats de promoci\u00f3 de l&#8217;\u00fas del valenci\u00e0 en les festes de la Magdalena en l&#8217;\u00e0mbit de la Comunitat Valenciana. [2008\/2630] (docv n\u00fam. 5.716, de 04.03.2008) [&hellip;]<\/p>\n","protected":false},"author":2,"featured_media":0,"comment_status":"open","ping_status":"open","sticky":false,"template":"","format":"standard","meta":{"footnotes":""},"categories":[1,28],"tags":[296,380],"class_list":["post-330","post","type-post","status-publish","format-standard","hentry","category-general","category-subvencions","tag-magdalena","tag-premis"],"_links":{"self":[{"href":"https:\/\/www.cdlpv.org\/dtl\/wp-json\/wp\/v2\/posts\/330","targetHints":{"allow":["GET"]}}],"collection":[{"href":"https:\/\/www.cdlpv.org\/dtl\/wp-json\/wp\/v2\/posts"}],"about":[{"href":"https:\/\/www.cdlpv.org\/dtl\/wp-json\/wp\/v2\/types\/post"}],"author":[{"embeddable":true,"href":"https:\/\/www.cdlpv.org\/dtl\/wp-json\/wp\/v2\/users\/2"}],"replies":[{"embeddable":true,"href":"https:\/\/www.cdlpv.org\/dtl\/wp-json\/wp\/v2\/comments?post=330"}],"version-history":[{"count":0,"href":"https:\/\/www.cdlpv.org\/dtl\/wp-json\/wp\/v2\/posts\/330\/revisions"}],"wp:attachment":[{"href":"https:\/\/www.cdlpv.org\/dtl\/wp-json\/wp\/v2\/media?parent=330"}],"wp:term":[{"taxonomy":"category","embeddable":true,"href":"https:\/\/www.cdlpv.org\/dtl\/wp-json\/wp\/v2\/categories?post=330"},{"taxonomy":"post_tag","embeddable":true,"href":"https:\/\/www.cdlpv.org\/dtl\/wp-json\/wp\/v2\/tags?post=330"}],"curies":[{"name":"wp","href":"https:\/\/api.w.org\/{rel}","templated":true}]}}