{"id":33,"date":"2007-01-17T21:48:33","date_gmt":"2007-01-17T19:48:33","guid":{"rendered":"http:\/\/www.cdlpv.org\/dtl\/?p=33"},"modified":"2007-01-17T21:48:33","modified_gmt":"2007-01-17T19:48:33","slug":"oposicions-a-petrer","status":"publish","type":"post","link":"https:\/\/www.cdlpv.org\/dtl\/2007\/01\/17\/oposicions-a-petrer\/","title":{"rendered":"Oposicions a Petrer"},"content":{"rendered":"<p>El company C\u00e8sar Mateu ens informa d&#8217;unes oposicions a Petrer per a \u00abT\u00e8cnics mitjans de normalitzaci\u00f3 ling\u00fc\u00edstica\u00bb. Tot i que la cosa encara est\u00e0 pendent de publicaci\u00f3 en el BOE, teniu la informaci\u00f3 i podeu fer-ne el seguiment per a la cosa dels terminis en el servei <a href=\"http:\/\/www.prop.gva.es\/reportes\/oposV.asp?id=17551\">Prop<\/a> de la Generalitat.<\/p>\n<p><strong>Pel que fa a les bases:<\/strong><\/p>\n<p>Bases generals: BOP d&#8217;Alacant de 21\/12\/04, n\u00fam. 292<\/p>\n<p>Bases espec\u00edfiques: BOP d&#8217;Alacant de 29\/12\/06, n\u00fam. 297; Bases espec\u00edfiques que han de regir la convocat\u00f2ria d&#8217;oposici\u00f3 lliure per a cobrir, dins de la plantilla de funcionaris d&#8217;este Ajuntament, una pla\u00e7a de t\u00e8cnic de Normalitzaci\u00f3 Ling\u00fc\u00edstica (OEP 2004).<\/p>\n","protected":false},"excerpt":{"rendered":"<p>El company C\u00e8sar Mateu ens informa d&#8217;unes oposicions a Petrer per a \u00abT\u00e8cnics mitjans de normalitzaci\u00f3 ling\u00fc\u00edstica\u00bb. Tot i que la cosa encara est\u00e0 pendent de publicaci\u00f3 en el BOE, teniu la informaci\u00f3 i podeu fer-ne el seguiment per a la cosa dels terminis en el servei Prop de la Generalitat. Pel que fa a [&hellip;]<\/p>\n","protected":false},"author":4,"featured_media":0,"comment_status":"open","ping_status":"open","sticky":false,"template":"","format":"standard","meta":{"footnotes":""},"categories":[1,15,18,19],"tags":[],"class_list":["post-33","post","type-post","status-publish","format-standard","hentry","category-general","category-laboral","category-oposicions","category-politica"],"_links":{"self":[{"href":"https:\/\/www.cdlpv.org\/dtl\/wp-json\/wp\/v2\/posts\/33","targetHints":{"allow":["GET"]}}],"collection":[{"href":"https:\/\/www.cdlpv.org\/dtl\/wp-json\/wp\/v2\/posts"}],"about":[{"href":"https:\/\/www.cdlpv.org\/dtl\/wp-json\/wp\/v2\/types\/post"}],"author":[{"embeddable":true,"href":"https:\/\/www.cdlpv.org\/dtl\/wp-json\/wp\/v2\/users\/4"}],"replies":[{"embeddable":true,"href":"https:\/\/www.cdlpv.org\/dtl\/wp-json\/wp\/v2\/comments?post=33"}],"version-history":[{"count":0,"href":"https:\/\/www.cdlpv.org\/dtl\/wp-json\/wp\/v2\/posts\/33\/revisions"}],"wp:attachment":[{"href":"https:\/\/www.cdlpv.org\/dtl\/wp-json\/wp\/v2\/media?parent=33"}],"wp:term":[{"taxonomy":"category","embeddable":true,"href":"https:\/\/www.cdlpv.org\/dtl\/wp-json\/wp\/v2\/categories?post=33"},{"taxonomy":"post_tag","embeddable":true,"href":"https:\/\/www.cdlpv.org\/dtl\/wp-json\/wp\/v2\/tags?post=33"}],"curies":[{"name":"wp","href":"https:\/\/api.w.org\/{rel}","templated":true}]}}