{"id":3284,"date":"2018-05-22T20:30:15","date_gmt":"2018-05-22T19:30:15","guid":{"rendered":"http:\/\/www.cdlpv.org\/dtl\/?p=3284"},"modified":"2018-05-22T08:12:15","modified_gmt":"2018-05-22T07:12:15","slug":"creant-amb-gomatics","status":"publish","type":"post","link":"https:\/\/www.cdlpv.org\/dtl\/2018\/05\/22\/creant-amb-gomatics\/","title":{"rendered":"Creant amb gom\u00e0tics"},"content":{"rendered":"<p>Al voltant de la paraula <em>gom\u00e0tic<\/em> s&#8217;ha llan\u00e7at una iniciativa creativa de la qual mos informa Francesc Xavier Mart\u00ed Juan:<\/p>\n<blockquote><p>10 escriptors i una escriptora de Castell\u00f3 de la Ribera acabem d&#8217;editar <a href=\"https:\/\/www.edicions96.com\/libro\/castellonies-ii_80214\/\" target=\"_blank\" rel=\"noopener\"><i>Castellonies II<\/i><\/a> (segona part de <i>Castellonies<\/i>), recull de narracions que hem subtitulat <i>relats amb \u00ab<\/i><i>gom\u00e0tic\u00bb<\/i>, perqu\u00e8, entre altres coses, apareix el mot en tots els relats, amb la intenci\u00f3 de recuperar-lo i tot el m\u00f3n que evoca.<\/p>\n<p>L&#8217;ha editat Edicions 96. Ja es va presentar a la Fira del Llibre de Val\u00e8ncia el passat 28 d&#8217;abril.<\/p>\n<p><a id=\"m_1006398730145713796LPlnk24733\" class=\"m_1006398730145713796OWAAutoLink\" href=\"https:\/\/youtu.be\/OOThi6keot0\" target=\"_blank\" rel=\"noopener\" data-saferedirecturl=\"https:\/\/www.google.com\/url?hl=ca&amp;q=https:\/\/youtu.be\/OOThi6keot0&amp;source=gmail&amp;ust=1527058537345000&amp;usg=AFQjCNE-PT_KpNqlE5fQ6-gIAVtB6NMxWg\">Entrevista del 28 d&#8217;abril a la Fira del Llibre.<\/a><\/p>\n<p><a id=\"m_1006398730145713796LPlnk476830\" class=\"m_1006398730145713796OWAAutoLink\" href=\"https:\/\/youtu.be\/SeVsgsuQ8Cw\" target=\"_blank\" rel=\"noopener\" data-saferedirecturl=\"https:\/\/www.google.com\/url?hl=ca&amp;q=https:\/\/youtu.be\/SeVsgsuQ8Cw&amp;source=gmail&amp;ust=1527058537345000&amp;usg=AFQjCNGJ9FQ3GveHtiLMZ2ZCV4J3_Rr6jQ\">Video convocat\u00f2ria a la presentaci\u00f3 del 18 de maig<\/a>: un pneum\u00e0tic que busca el gom\u00e0tic.<\/p><\/blockquote>\n","protected":false},"excerpt":{"rendered":"<p>Al voltant de la paraula gom\u00e0tic s&#8217;ha llan\u00e7at una iniciativa creativa de la qual mos informa Francesc Xavier Mart\u00ed Juan: 10 escriptors i una escriptora de Castell\u00f3 de la Ribera acabem d&#8217;editar Castellonies II (segona part de Castellonies), recull de narracions que hem subtitulat relats amb \u00abgom\u00e0tic\u00bb, perqu\u00e8, entre altres coses, apareix el mot en [&hellip;]<\/p>\n","protected":false},"author":56,"featured_media":0,"comment_status":"open","ping_status":"open","sticky":false,"template":"","format":"standard","meta":{"footnotes":""},"categories":[5,27],"tags":[279],"class_list":["post-3284","post","type-post","status-publish","format-standard","hentry","category-edicio","category-sociolinguistica","tag-literatura"],"_links":{"self":[{"href":"https:\/\/www.cdlpv.org\/dtl\/wp-json\/wp\/v2\/posts\/3284","targetHints":{"allow":["GET"]}}],"collection":[{"href":"https:\/\/www.cdlpv.org\/dtl\/wp-json\/wp\/v2\/posts"}],"about":[{"href":"https:\/\/www.cdlpv.org\/dtl\/wp-json\/wp\/v2\/types\/post"}],"author":[{"embeddable":true,"href":"https:\/\/www.cdlpv.org\/dtl\/wp-json\/wp\/v2\/users\/56"}],"replies":[{"embeddable":true,"href":"https:\/\/www.cdlpv.org\/dtl\/wp-json\/wp\/v2\/comments?post=3284"}],"version-history":[{"count":1,"href":"https:\/\/www.cdlpv.org\/dtl\/wp-json\/wp\/v2\/posts\/3284\/revisions"}],"predecessor-version":[{"id":3285,"href":"https:\/\/www.cdlpv.org\/dtl\/wp-json\/wp\/v2\/posts\/3284\/revisions\/3285"}],"wp:attachment":[{"href":"https:\/\/www.cdlpv.org\/dtl\/wp-json\/wp\/v2\/media?parent=3284"}],"wp:term":[{"taxonomy":"category","embeddable":true,"href":"https:\/\/www.cdlpv.org\/dtl\/wp-json\/wp\/v2\/categories?post=3284"},{"taxonomy":"post_tag","embeddable":true,"href":"https:\/\/www.cdlpv.org\/dtl\/wp-json\/wp\/v2\/tags?post=3284"}],"curies":[{"name":"wp","href":"https:\/\/api.w.org\/{rel}","templated":true}]}}