{"id":328,"date":"2008-03-03T11:54:53","date_gmt":"2008-03-03T10:54:53","guid":{"rendered":"http:\/\/www.cdlpv.org\/dtl\/?p=328"},"modified":"2008-03-03T11:54:53","modified_gmt":"2008-03-03T10:54:53","slug":"oferta-de-faena-de-tl-en-liec","status":"publish","type":"post","link":"https:\/\/www.cdlpv.org\/dtl\/2008\/03\/03\/oferta-de-faena-de-tl-en-liec\/","title":{"rendered":"Oferta de faena de TL en l&#8217;IEC"},"content":{"rendered":"<p>Xavier Rull ens fa arribar a trav\u00e9s d&#8217;InfoZ\u00e8fir una oferta de faena:<\/p>\n<blockquote>\n<h2>Convocat\u00f2ria d\u2019una pla\u00e7a de t\u00e8cnic\/a ling\u00fc\u00edstic\/a per a l\u2019Oficina de Gram\u00e0tica de la Secci\u00f3 Filol\u00f2gica<\/h2>\n<p>L\u2019Institut d\u2019Estudis Catalans convoca, a torn obert, una pla\u00e7a de  t\u00e8cnic ling\u00fc\u00edstic per a l\u2019Oficina de Gram\u00e0tica de la Secci\u00f3 Filol\u00f2gica.<\/p>\n<p>La funci\u00f3 principal que s\u2019ha d\u2019exercir en aquest lloc de treball  consisteix a col\u00b7laborar en les tasques de l\u2019Oficina de Gram\u00e0tica de l\u2019IEC, principalment en el projecte d\u2019elaboraci\u00f3 de la Gram\u00e0tica de la Llengua Catalana.<\/p>\n<p>Requisits:<\/p>\n<ul>\n<li>Estar en possessi\u00f3 del t\u00edtol de llicenciat o llicenciada en filologia catalana, ling\u00fc\u00edstica o estudis similars.\n<li>Tenir un bon expedient acad\u00e8mic.\n<li>Tenir un alt domini de l\u2019expressi\u00f3 escrita i de la normativa de la llengua catalana.\n<li>Tenir coneixements aprofundits com a usuari o usu\u00e0ria d\u2019eines d\u2019ofim\u00e0tica aplicades a l\u2019explotaci\u00f3 de corpus ling\u00fc\u00edstics (gestors de bases de dades, gestors documentals, processadors de textos&#8230;).\n<\/ul>\n<p>M\u00e8rits:<\/p>\n<ul>\n<li>Haver col\u00b7laborat a l\u2019Oficina de Gram\u00e0tica de l\u2019IEC.\n<li>Tenir coneixements aprofundits en gram\u00e0tica descriptiva i normativa catalanes.\n<li>Estar en possessi\u00f3 del Diploma d\u2019Estudis Avan\u00e7ats o del t\u00edtol de doctor en filologia.\n<\/ul>\n<p>El contracte ser\u00e0 per obra o servei, a temps complet, amb una jornada de 37,5 hores setmanals i una retribuci\u00f3 negociable d\u2019acord amb el curr\u00edculum que s\u2019acrediti.<\/p>\n<p>Les persones interessades s\u2019han d\u2019adre\u00e7ar per escrit al Departament de Recursos Humans de l\u2019Institut d\u2019Estudis Catalans, b\u00e9 sigui per carta (carrer del Carme, 47, 08001 Barcelona), b\u00e9 sigui per correu electr\u00f2nic <a href=\"mailto:recursos.humans@iec.cat\">recursos.humans@iec.cat<\/a>, i han d\u2019adjuntar el curr\u00edculum complet i un certificat de l\u2019expedient acad\u00e8mic dels estudis realitzats.<br \/>\nEn l\u2019escrit de la sol\u00b7licitud s\u2019ha de fer constar la refer\u00e8ncia OGR\/02.\n<\/p><\/blockquote>\n","protected":false},"excerpt":{"rendered":"<p>Xavier Rull ens fa arribar a trav\u00e9s d&#8217;InfoZ\u00e8fir una oferta de faena: Convocat\u00f2ria d\u2019una pla\u00e7a de t\u00e8cnic\/a ling\u00fc\u00edstic\/a per a l\u2019Oficina de Gram\u00e0tica de la Secci\u00f3 Filol\u00f2gica L\u2019Institut d\u2019Estudis Catalans convoca, a torn obert, una pla\u00e7a de t\u00e8cnic ling\u00fc\u00edstic per a l\u2019Oficina de Gram\u00e0tica de la Secci\u00f3 Filol\u00f2gica. La funci\u00f3 principal que s\u2019ha d\u2019exercir en [&hellip;]<\/p>\n","protected":false},"author":2,"featured_media":0,"comment_status":"open","ping_status":"open","sticky":false,"template":"","format":"standard","meta":{"footnotes":""},"categories":[1,46,15],"tags":[227],"class_list":["post-328","post","type-post","status-publish","format-standard","hentry","category-general","category-iec","category-laboral","tag-gramatica"],"_links":{"self":[{"href":"https:\/\/www.cdlpv.org\/dtl\/wp-json\/wp\/v2\/posts\/328","targetHints":{"allow":["GET"]}}],"collection":[{"href":"https:\/\/www.cdlpv.org\/dtl\/wp-json\/wp\/v2\/posts"}],"about":[{"href":"https:\/\/www.cdlpv.org\/dtl\/wp-json\/wp\/v2\/types\/post"}],"author":[{"embeddable":true,"href":"https:\/\/www.cdlpv.org\/dtl\/wp-json\/wp\/v2\/users\/2"}],"replies":[{"embeddable":true,"href":"https:\/\/www.cdlpv.org\/dtl\/wp-json\/wp\/v2\/comments?post=328"}],"version-history":[{"count":0,"href":"https:\/\/www.cdlpv.org\/dtl\/wp-json\/wp\/v2\/posts\/328\/revisions"}],"wp:attachment":[{"href":"https:\/\/www.cdlpv.org\/dtl\/wp-json\/wp\/v2\/media?parent=328"}],"wp:term":[{"taxonomy":"category","embeddable":true,"href":"https:\/\/www.cdlpv.org\/dtl\/wp-json\/wp\/v2\/categories?post=328"},{"taxonomy":"post_tag","embeddable":true,"href":"https:\/\/www.cdlpv.org\/dtl\/wp-json\/wp\/v2\/tags?post=328"}],"curies":[{"name":"wp","href":"https:\/\/api.w.org\/{rel}","templated":true}]}}