{"id":3252,"date":"2018-03-13T22:43:49","date_gmt":"2018-03-13T21:43:49","guid":{"rendered":"http:\/\/www.cdlpv.org\/dtl\/?p=3252"},"modified":"2018-03-13T22:43:49","modified_gmt":"2018-03-13T21:43:49","slug":"jornada-sociolinguistica-a-alcoi","status":"publish","type":"post","link":"https:\/\/www.cdlpv.org\/dtl\/2018\/03\/13\/jornada-sociolinguistica-a-alcoi\/","title":{"rendered":"Jornada socioling\u00fc\u00edstica a Alcoi"},"content":{"rendered":"<p><a href=\"http:\/\/www.upv.es\/contenidos\/JOSOCIOL\/info\/1026792normalc.html\" target=\"_blank\" rel=\"noopener\"><img decoding=\"async\" class=\"aligncenter\" title=\"Foto principal\" src=\"http:\/\/www.upv.es\/uplser\/U0773163.jpg\" alt=\"Foto principal\" align=\"middle\" \/><\/a><\/p>\n<div class=\"textLayer\">\n<div>Segons indica el <a href=\"http:\/\/www.upv.es\/contenidos\/JOSOCIOL\/info\/1026792normalc.html\" target=\"_blank\" rel=\"noopener\">programa<\/a>, \u00abla XXIII Jornada de Socioling\u00fc\u00edstica d\u2019Alcoi pret\u00e9n debatre sobre la capacitat d\u2019influ\u00e8ncia social del valenci\u00e0. S\u2019analitzaran les diferents campanyes de promoci\u00f3 ling\u00fc\u00edstica i es reflexionar\u00e0 sobre la seua influ\u00e8ncia en els \u00e0mbits p\u00fablics, els mitjans de comunicaci\u00f3, els continguts transm\u00e8dia i les xarxes socials\u00bb.<\/div>\n<div><\/div>\n<\/div>\n","protected":false},"excerpt":{"rendered":"<p>Segons indica el programa, \u00abla XXIII Jornada de Socioling\u00fc\u00edstica d\u2019Alcoi pret\u00e9n debatre sobre la capacitat d\u2019influ\u00e8ncia social del valenci\u00e0. S\u2019analitzaran les diferents campanyes de promoci\u00f3 ling\u00fc\u00edstica i es reflexionar\u00e0 sobre la seua influ\u00e8ncia en els \u00e0mbits p\u00fablics, els mitjans de comunicaci\u00f3, els continguts transm\u00e8dia i les xarxes socials\u00bb.<\/p>\n","protected":false},"author":56,"featured_media":0,"comment_status":"open","ping_status":"open","sticky":false,"template":"","format":"standard","meta":{"footnotes":""},"categories":[10,22,27],"tags":[56,258],"class_list":["post-3252","post","type-post","status-publish","format-standard","hentry","category-formacio","category-recerca","category-sociolinguistica","tag-alcoi","tag-jornades"],"_links":{"self":[{"href":"https:\/\/www.cdlpv.org\/dtl\/wp-json\/wp\/v2\/posts\/3252","targetHints":{"allow":["GET"]}}],"collection":[{"href":"https:\/\/www.cdlpv.org\/dtl\/wp-json\/wp\/v2\/posts"}],"about":[{"href":"https:\/\/www.cdlpv.org\/dtl\/wp-json\/wp\/v2\/types\/post"}],"author":[{"embeddable":true,"href":"https:\/\/www.cdlpv.org\/dtl\/wp-json\/wp\/v2\/users\/56"}],"replies":[{"embeddable":true,"href":"https:\/\/www.cdlpv.org\/dtl\/wp-json\/wp\/v2\/comments?post=3252"}],"version-history":[{"count":1,"href":"https:\/\/www.cdlpv.org\/dtl\/wp-json\/wp\/v2\/posts\/3252\/revisions"}],"predecessor-version":[{"id":3253,"href":"https:\/\/www.cdlpv.org\/dtl\/wp-json\/wp\/v2\/posts\/3252\/revisions\/3253"}],"wp:attachment":[{"href":"https:\/\/www.cdlpv.org\/dtl\/wp-json\/wp\/v2\/media?parent=3252"}],"wp:term":[{"taxonomy":"category","embeddable":true,"href":"https:\/\/www.cdlpv.org\/dtl\/wp-json\/wp\/v2\/categories?post=3252"},{"taxonomy":"post_tag","embeddable":true,"href":"https:\/\/www.cdlpv.org\/dtl\/wp-json\/wp\/v2\/tags?post=3252"}],"curies":[{"name":"wp","href":"https:\/\/api.w.org\/{rel}","templated":true}]}}