{"id":3244,"date":"2018-02-24T14:17:09","date_gmt":"2018-02-24T13:17:09","guid":{"rendered":"http:\/\/www.cdlpv.org\/dtl\/?p=3244"},"modified":"2018-02-24T20:47:43","modified_gmt":"2018-02-24T19:47:43","slug":"entrevista-a-albert-branchadell-sobre-lestat-espanyol-de-les-llengues","status":"publish","type":"post","link":"https:\/\/www.cdlpv.org\/dtl\/2018\/02\/24\/entrevista-a-albert-branchadell-sobre-lestat-espanyol-de-les-llengues\/","title":{"rendered":"Entrevista a Albert Branchadell sobre l&#8217;estat (espanyol) de les lleng\u00fces"},"content":{"rendered":"<p>Pau Rodr\u00edguez publica en la secci\u00f3 catalana d&#8217;Eldiario.es (<a href=\"http:\/\/www.eldiario.es\/catalunya\/inmersion-linguistica-usuarios-catalan-actual_0_743325893.html\" target=\"_blank\" rel=\"noopener\">23.02.2018<\/a>) una entrevista a Albert Branchadell: \u00abEl derecho a escoger la lengua de escolarizaci\u00f3n de tus hijos no existe en Espa\u00f1a\u00bb. Un petit assaig sobre la gesti\u00f3 ling\u00fc\u00edstica espanyola i l&#8217;europea. En destaquem alguns fragments:<\/p>\n<blockquote><p><strong>[Sobre la denominada \u00abimmersi\u00f3 ling\u00fc\u00edstica\u00bb] <\/strong>No solemos usar bien el t\u00e9rmino. Originalmente la inmersi\u00f3n es un sistema de ense\u00f1anza en el que los alumnos reciben ense\u00f1anza en otra lengua que no es la suya habitual.<\/p>\n<p><strong>[El suposat dret dels pares a triar la llengua de l&#8217;escola]<\/strong> Los tribunales lo han corroborado: no existe el derecho a escoger la lengua de escolarizaci\u00f3n de tus hijos.<\/p>\n<p><strong>[La situaci\u00f3 al Pa\u00eds Valenci\u00e0 i a Gal\u00edcia]<\/strong> La competencia en catal\u00e1n de los catalanes es superior a la de los valencianos, o a la de los gallegos en gallego. Es como la ley de la f\u00edsica: a mayor exposici\u00f3n a la lengua, m\u00e1s competencia consigues.<\/p>\n<p><strong>[La gesti\u00f3 ling\u00fc\u00edstica en l&#8217;administraci\u00f3 de just\u00edcia]<\/strong> En la justicia no hemos hecho las cosas bien, Espa\u00f1a se resiste a introducir el requisito ling\u00fc\u00edstico para los jueces desde hace a\u00f1os, y esto no pasa en Suiza, B\u00e9lgica o Finlandia, modelos que nos indican la distancia.<\/p><\/blockquote>\n","protected":false},"excerpt":{"rendered":"<p>Pau Rodr\u00edguez publica en la secci\u00f3 catalana d&#8217;Eldiario.es (23.02.2018) una entrevista a Albert Branchadell: \u00abEl derecho a escoger la lengua de escolarizaci\u00f3n de tus hijos no existe en Espa\u00f1a\u00bb. Un petit assaig sobre la gesti\u00f3 ling\u00fc\u00edstica espanyola i l&#8217;europea. En destaquem alguns fragments: [Sobre la denominada \u00abimmersi\u00f3 ling\u00fc\u00edstica\u00bb] No solemos usar bien el t\u00e9rmino. Originalmente [&hellip;]<\/p>\n","protected":false},"author":56,"featured_media":0,"comment_status":"open","ping_status":"open","sticky":false,"template":"","format":"standard","meta":{"footnotes":""},"categories":[4,45,1,47,19,22],"tags":[526],"class_list":["post-3244","post","type-post","status-publish","format-standard","hentry","category-dret","category-ensenyament","category-general","category-planificacio","category-politica","category-recerca","tag-entrevistes"],"_links":{"self":[{"href":"https:\/\/www.cdlpv.org\/dtl\/wp-json\/wp\/v2\/posts\/3244","targetHints":{"allow":["GET"]}}],"collection":[{"href":"https:\/\/www.cdlpv.org\/dtl\/wp-json\/wp\/v2\/posts"}],"about":[{"href":"https:\/\/www.cdlpv.org\/dtl\/wp-json\/wp\/v2\/types\/post"}],"author":[{"embeddable":true,"href":"https:\/\/www.cdlpv.org\/dtl\/wp-json\/wp\/v2\/users\/56"}],"replies":[{"embeddable":true,"href":"https:\/\/www.cdlpv.org\/dtl\/wp-json\/wp\/v2\/comments?post=3244"}],"version-history":[{"count":2,"href":"https:\/\/www.cdlpv.org\/dtl\/wp-json\/wp\/v2\/posts\/3244\/revisions"}],"predecessor-version":[{"id":3246,"href":"https:\/\/www.cdlpv.org\/dtl\/wp-json\/wp\/v2\/posts\/3244\/revisions\/3246"}],"wp:attachment":[{"href":"https:\/\/www.cdlpv.org\/dtl\/wp-json\/wp\/v2\/media?parent=3244"}],"wp:term":[{"taxonomy":"category","embeddable":true,"href":"https:\/\/www.cdlpv.org\/dtl\/wp-json\/wp\/v2\/categories?post=3244"},{"taxonomy":"post_tag","embeddable":true,"href":"https:\/\/www.cdlpv.org\/dtl\/wp-json\/wp\/v2\/tags?post=3244"}],"curies":[{"name":"wp","href":"https:\/\/api.w.org\/{rel}","templated":true}]}}