{"id":324,"date":"2008-02-26T12:08:01","date_gmt":"2008-02-26T11:08:01","guid":{"rendered":"http:\/\/www.cdlpv.org\/dtl\/?p=324"},"modified":"2008-02-26T12:08:01","modified_gmt":"2008-02-26T11:08:01","slug":"dos-places-de-correctorra-per-a-liec","status":"publish","type":"post","link":"https:\/\/www.cdlpv.org\/dtl\/2008\/02\/26\/dos-places-de-correctorra-per-a-liec\/","title":{"rendered":"Dos places de corrector\/ra per a l\u2019IEC"},"content":{"rendered":"<p>Xavier Rull ens informa a trav\u00e9s de la llista InfoZ\u00e8fir de la convocat\u00f2ria seg\u00fcent:<\/p>\n<blockquote>\n<h2>Convocat\u00f2ria de dues places de corrector\/a de textos per al Servei Editorial de l&#8217;Institut d&#8217;Estudis Catalans<\/h2>\n<p>L\u2019Institut d\u2019Estudis Catalans convoca, a torn obert, dues places de corrector\/a de textos per al Servei Editorial.<\/p>\n<p>Les funcions que s\u2019han d\u2019exercir en aquest c\u00e0rrec consisteixen, b\u00e0sicament, a corregir, des del punt de vista ling\u00fc\u00edstic i ortotipogr\u00e0fic, les publicacions de l\u2019Institut.<\/p>\n<p>Cal ser titulat\/ada superior, preferentment, llicenciat\/ada en filologia catalana o en traducci\u00f3 i interpretaci\u00f3 al catal\u00e0, haver seguit un curs de correcci\u00f3 de textos en una entitat de prestigi reconegut i haver obtingut el certificat de capacitaci\u00f3 per a la correcci\u00f3 de textos orals i escrits de la Generalitat de Catalunya (antic nivell K de la Junta Permanent de Catal\u00e0) o un t\u00edtol equivalent.<\/p>\n<p>Es valorar\u00e0 positivament haver superat el Curs de formaci\u00f3 avan\u00e7ada per a correctors de textos organitzat per l\u2019Institut d\u2019Estudis Catalans, aix\u00ed com acreditar experi\u00e8ncia en la correcci\u00f3 o la traducci\u00f3 de textos per a l\u2019IEC.<\/p>\n<p>La contractaci\u00f3 \u00e9s deguda a una acumulaci\u00f3 de tasques i s\u2019estendr\u00e0 fins a 31 de juliol de 2008.<\/p>\n<p>La jornada \u00e9s a temps complet i la retribuci\u00f3 \u00e9s negociable d\u2019acord amb el curr\u00edculum que s\u2019acrediti.<\/p>\n<p>Les persones que estiguin interessades a optar per aquesta pla\u00e7a s\u2019han d\u2019adre\u00e7ar al Departament de Recursos Humans de l\u2019Institut d\u2019Estudis Catalans per carta (carrer del Carme, 47, 08001 Barcelona) o b\u00e9 per correu electr\u00f2nic <a href=\"mailto:recursos.humans@iec.cat\">recursos.humans@iec.cat<\/a> i han d\u2019indicar, en l\u2019escrit de la sol\u00b7licitud, la refer\u00e8ncia COR\/04.\n<\/p><\/blockquote>\n","protected":false},"excerpt":{"rendered":"<p>Xavier Rull ens informa a trav\u00e9s de la llista InfoZ\u00e8fir de la convocat\u00f2ria seg\u00fcent: Convocat\u00f2ria de dues places de corrector\/a de textos per al Servei Editorial de l&#8217;Institut d&#8217;Estudis Catalans L\u2019Institut d\u2019Estudis Catalans convoca, a torn obert, dues places de corrector\/a de textos per al Servei Editorial. Les funcions que s\u2019han d\u2019exercir en aquest c\u00e0rrec [&hellip;]<\/p>\n","protected":false},"author":2,"featured_media":0,"comment_status":"open","ping_status":"open","sticky":false,"template":"","format":"standard","meta":{"footnotes":""},"categories":[43,1,46,15,26],"tags":[121,125,334],"class_list":["post-324","post","type-post","status-publish","format-standard","hentry","category-concursos","category-general","category-iec","category-laboral","category-serveis-linguistics","tag-convocatoria","tag-correctors","tag-ofertes"],"_links":{"self":[{"href":"https:\/\/www.cdlpv.org\/dtl\/wp-json\/wp\/v2\/posts\/324","targetHints":{"allow":["GET"]}}],"collection":[{"href":"https:\/\/www.cdlpv.org\/dtl\/wp-json\/wp\/v2\/posts"}],"about":[{"href":"https:\/\/www.cdlpv.org\/dtl\/wp-json\/wp\/v2\/types\/post"}],"author":[{"embeddable":true,"href":"https:\/\/www.cdlpv.org\/dtl\/wp-json\/wp\/v2\/users\/2"}],"replies":[{"embeddable":true,"href":"https:\/\/www.cdlpv.org\/dtl\/wp-json\/wp\/v2\/comments?post=324"}],"version-history":[{"count":0,"href":"https:\/\/www.cdlpv.org\/dtl\/wp-json\/wp\/v2\/posts\/324\/revisions"}],"wp:attachment":[{"href":"https:\/\/www.cdlpv.org\/dtl\/wp-json\/wp\/v2\/media?parent=324"}],"wp:term":[{"taxonomy":"category","embeddable":true,"href":"https:\/\/www.cdlpv.org\/dtl\/wp-json\/wp\/v2\/categories?post=324"},{"taxonomy":"post_tag","embeddable":true,"href":"https:\/\/www.cdlpv.org\/dtl\/wp-json\/wp\/v2\/tags?post=324"}],"curies":[{"name":"wp","href":"https:\/\/api.w.org\/{rel}","templated":true}]}}