{"id":3227,"date":"2018-02-03T20:30:25","date_gmt":"2018-02-03T19:30:25","guid":{"rendered":"http:\/\/www.cdlpv.org\/dtl\/?p=3227"},"modified":"2018-02-03T19:53:51","modified_gmt":"2018-02-03T18:53:51","slug":"gestio-linguistica-a-la-pobla-de-farnals","status":"publish","type":"post","link":"https:\/\/www.cdlpv.org\/dtl\/2018\/02\/03\/gestio-linguistica-a-la-pobla-de-farnals\/","title":{"rendered":"Gesti\u00f3 ling\u00fc\u00edstica a la Pobla de Farnals"},"content":{"rendered":"<p>L&#8217;Ajuntament de <a href=\"https:\/\/ca.wikipedia.org\/wiki\/La_Pobla_de_Farnals\" target=\"_blank\" rel=\"noopener\">la Pobla de Farnals<\/a> ha decidit avan\u00e7ar un poc en la gesti\u00f3 ling\u00fc\u00edstica de l&#8217;administraci\u00f3 municipal. Segons publica en el seu web (<a href=\"http:\/\/www.lapobladefarnals.es\/va\/report\/lajuntament-pobla-farnals-contracta-una-tecnica-linguistica\" target=\"_blank\" rel=\"noopener\">25.01.2018<\/a>):<\/p>\n<blockquote>\n<h3>L\u2019Ajuntament de la Pobla de Farnals contracta una t\u00e8cnica ling\u00fc\u00edstica<\/h3>\n[&#8230;]\n<p>L\u2019objectiu principal d\u2019esta iniciativa \u00e9s dotar al funcionariat d\u2019una figura que impulse l\u2019\u00fas del valenci\u00e0 en l\u2019\u00e0mbit laboral. Aix\u00ed i tot, tamb\u00e9 s\u2019encarregar\u00e0 de crear models d\u2019inst\u00e0ncies i altres documents oficials en la nostra llengua per a posar-los a disposici\u00f3 de la ciutadania, estudiar\u00e0 la topon\u00edmia dels llocs i carrers i desenvolupar\u00e0 campanyes de promoci\u00f3 de l\u2019idioma. Altra de les seues funcions ser\u00e0 la d\u2019oferir assessorament ling\u00fc\u00edstic, per exemple, als ve\u00efns i ve\u00efnes que ho necessiten o a emprenedors que vulguen retolar en valenci\u00e0.<\/p>\n<p>La persona seleccionada per a ocupar este c\u00e0rrec \u00e9s la mestra de les classes de valenci\u00e0 del Centre de Formaci\u00f3 de Persones Adultes i la responsable del programa de voluntariat.<\/p><\/blockquote>\n<p>A m\u00e9s d&#8217;aix\u00f2, l&#8217;ajuntament ha publicat un <a href=\"http:\/\/bop.dival.es\/bop\/drvisapi.dll?MIval=DI_VerEdictoVis&amp;idEdicto=3085062&amp;miIdioma=V\" target=\"_blank\" rel=\"noopener\">reglament<\/a> sobre \u00fas i normalitzaci\u00f3 del valenci\u00e0 (<span class=\"versaleta\"><em>bop<\/em><\/span> Val\u00e8ncia, n\u00famero 21, de 30 de gener de 2018).<\/p>\n","protected":false},"excerpt":{"rendered":"<p>L&#8217;Ajuntament de la Pobla de Farnals ha decidit avan\u00e7ar un poc en la gesti\u00f3 ling\u00fc\u00edstica de l&#8217;administraci\u00f3 municipal. Segons publica en el seu web (25.01.2018): L\u2019Ajuntament de la Pobla de Farnals contracta una t\u00e8cnica ling\u00fc\u00edstica [&#8230;] L\u2019objectiu principal d\u2019esta iniciativa \u00e9s dotar al funcionariat d\u2019una figura que impulse l\u2019\u00fas del valenci\u00e0 en l\u2019\u00e0mbit laboral. Aix\u00ed [&hellip;]<\/p>\n","protected":false},"author":56,"featured_media":0,"comment_status":"open","ping_status":"open","sticky":false,"template":"","format":"standard","meta":{"footnotes":""},"categories":[1,47,23,26],"tags":[50,376],"class_list":["post-3227","post","type-post","status-publish","format-standard","hentry","category-general","category-planificacio","category-reglaments-linguistics","category-serveis-linguistics","tag-administracio-local","tag-politica-linguistica"],"_links":{"self":[{"href":"https:\/\/www.cdlpv.org\/dtl\/wp-json\/wp\/v2\/posts\/3227","targetHints":{"allow":["GET"]}}],"collection":[{"href":"https:\/\/www.cdlpv.org\/dtl\/wp-json\/wp\/v2\/posts"}],"about":[{"href":"https:\/\/www.cdlpv.org\/dtl\/wp-json\/wp\/v2\/types\/post"}],"author":[{"embeddable":true,"href":"https:\/\/www.cdlpv.org\/dtl\/wp-json\/wp\/v2\/users\/56"}],"replies":[{"embeddable":true,"href":"https:\/\/www.cdlpv.org\/dtl\/wp-json\/wp\/v2\/comments?post=3227"}],"version-history":[{"count":3,"href":"https:\/\/www.cdlpv.org\/dtl\/wp-json\/wp\/v2\/posts\/3227\/revisions"}],"predecessor-version":[{"id":3231,"href":"https:\/\/www.cdlpv.org\/dtl\/wp-json\/wp\/v2\/posts\/3227\/revisions\/3231"}],"wp:attachment":[{"href":"https:\/\/www.cdlpv.org\/dtl\/wp-json\/wp\/v2\/media?parent=3227"}],"wp:term":[{"taxonomy":"category","embeddable":true,"href":"https:\/\/www.cdlpv.org\/dtl\/wp-json\/wp\/v2\/categories?post=3227"},{"taxonomy":"post_tag","embeddable":true,"href":"https:\/\/www.cdlpv.org\/dtl\/wp-json\/wp\/v2\/tags?post=3227"}],"curies":[{"name":"wp","href":"https:\/\/api.w.org\/{rel}","templated":true}]}}