{"id":3219,"date":"2018-01-20T21:30:33","date_gmt":"2018-01-20T20:30:33","guid":{"rendered":"http:\/\/www.cdlpv.org\/dtl\/?p=3219"},"modified":"2018-01-20T22:50:29","modified_gmt":"2018-01-20T21:50:29","slug":"dialectologia-del-valencia","status":"publish","type":"post","link":"https:\/\/www.cdlpv.org\/dtl\/2018\/01\/20\/dialectologia-del-valencia\/","title":{"rendered":"Dialectologia del valenci\u00e0"},"content":{"rendered":"<p>El llibre <em>Els parlars valencians<\/em> (2017, Universitat de Val\u00e8ncia) de Vicent Beltran Calvo i Carles Segura-Llopes s&#8217;ha convertit en un \u00e8xit de vendes, cosa que en este \u00e0mbit de la dialectologia \u00e9s una sorpresa ben gratificant. S\u00f3n m\u00e9s tres-centes p\u00e0gines que condensen les concordances i variacions que conformen els parlars quotidians al llarg del territori del Pa\u00eds Valenci\u00e0.<br \/>\nSobre el llibre i la difusi\u00f3 que est\u00e0 tenint:<\/p>\n<ul>\n<li>Presentaci\u00f3 del llibre <em>Els parlars valencians<\/em> de Carles Segura-Llopes i Vicent Beltran: <a href=\"https:\/\/youtu.be\/OZd7nt8exPE\" target=\"_blank\" rel=\"noopener\">v\u00eddeo<\/a>.<\/li>\n<li>\u00abEl fenomen d&#8217;<em>Els parlars valencians<\/em>\u00bb de Vicent Baydal: <em>Vent d Cabylia<\/em> (<a href=\"http:\/\/www.ventdcabylia.com\/2017\/12\/el-fenomen-dels-parlars-valencians.html\" target=\"_blank\" rel=\"noopener\">25.12.2017<\/a>).<\/li>\n<li>Presentem <em>Els parlars valencians<\/em> el pr\u00f2xim 23 de gener al Centre Cultural Les Clarisses d\u2019Elx: bloc d&#8217;El Tempir (<a href=\"http:\/\/eltempir.cat\/presentem-els-parlars-valencians-el-proxim-23-de-gener-al-centre-cultural-les-clarisses-delx\/\" target=\"_blank\" rel=\"noopener\">16.01.2018<\/a>).<\/li>\n<li>\u00abEl camp conserva la llengua\u00bb, programa La Llavor de la Cadena <span class=\"versaleta\">ser<\/span> (\u00e0udio: <a href=\"http:\/\/cadenaser.com\/emisora\/2018\/01\/18\/radio_valencia\/1516271437_891971.html\" target=\"_blank\" rel=\"noopener\">20.01.2018<\/a>).<\/li>\n<\/ul>\n","protected":false},"excerpt":{"rendered":"<p>El llibre Els parlars valencians (2017, Universitat de Val\u00e8ncia) de Vicent Beltran Calvo i Carles Segura-Llopes s&#8217;ha convertit en un \u00e8xit de vendes, cosa que en este \u00e0mbit de la dialectologia \u00e9s una sorpresa ben gratificant. S\u00f3n m\u00e9s tres-centes p\u00e0gines que condensen les concordances i variacions que conformen els parlars quotidians al llarg del territori [&hellip;]<\/p>\n","protected":false},"author":56,"featured_media":0,"comment_status":"open","ping_status":"open","sticky":false,"template":"","format":"standard","meta":{"footnotes":""},"categories":[22],"tags":[142],"class_list":["post-3219","post","type-post","status-publish","format-standard","hentry","category-recerca","tag-dialectologia"],"_links":{"self":[{"href":"https:\/\/www.cdlpv.org\/dtl\/wp-json\/wp\/v2\/posts\/3219","targetHints":{"allow":["GET"]}}],"collection":[{"href":"https:\/\/www.cdlpv.org\/dtl\/wp-json\/wp\/v2\/posts"}],"about":[{"href":"https:\/\/www.cdlpv.org\/dtl\/wp-json\/wp\/v2\/types\/post"}],"author":[{"embeddable":true,"href":"https:\/\/www.cdlpv.org\/dtl\/wp-json\/wp\/v2\/users\/56"}],"replies":[{"embeddable":true,"href":"https:\/\/www.cdlpv.org\/dtl\/wp-json\/wp\/v2\/comments?post=3219"}],"version-history":[{"count":1,"href":"https:\/\/www.cdlpv.org\/dtl\/wp-json\/wp\/v2\/posts\/3219\/revisions"}],"predecessor-version":[{"id":3220,"href":"https:\/\/www.cdlpv.org\/dtl\/wp-json\/wp\/v2\/posts\/3219\/revisions\/3220"}],"wp:attachment":[{"href":"https:\/\/www.cdlpv.org\/dtl\/wp-json\/wp\/v2\/media?parent=3219"}],"wp:term":[{"taxonomy":"category","embeddable":true,"href":"https:\/\/www.cdlpv.org\/dtl\/wp-json\/wp\/v2\/categories?post=3219"},{"taxonomy":"post_tag","embeddable":true,"href":"https:\/\/www.cdlpv.org\/dtl\/wp-json\/wp\/v2\/tags?post=3219"}],"curies":[{"name":"wp","href":"https:\/\/api.w.org\/{rel}","templated":true}]}}