{"id":321,"date":"2008-02-25T13:57:38","date_gmt":"2008-02-25T12:57:38","guid":{"rendered":"http:\/\/www.cdlpv.org\/dtl\/?p=321"},"modified":"2008-02-25T13:57:38","modified_gmt":"2008-02-25T12:57:38","slug":"el-quadern-gris-un-bloc-daltres-temps","status":"publish","type":"post","link":"https:\/\/www.cdlpv.org\/dtl\/2008\/02\/25\/el-quadern-gris-un-bloc-daltres-temps\/","title":{"rendered":"El quadern gris: un bloc d&#8217;altres temps"},"content":{"rendered":"<p><a href='http:\/\/www.elquaderngris.cat\/' title='El quadern gris' target='_blank'><img src='http:\/\/www.cdlpv.org\/dtl\/wp-content\/quaderngris.thumbnail.jpg' alt='El quadern gris' align='right' \/><\/a><br \/>\nDiuen que el dia 8 de mar\u00e7 ser\u00e0 el dia del llan\u00e7ament d&#8217;<em>El quadern gris<\/em> en format de bloc. A pesar del fet que Josep Pla siga una figura m\u00e9s aviat associada a la misog\u00ednia o, m\u00e9s exactament, a <a href=\"http:\/\/www.lletres.net\/pla\/plado1.html\" target=\"_blank\">l&#8217;antifeminisme<\/a>, el llan\u00e7ament del llibre a la xarxa \u00e9s una gran iniciativa, perqu\u00e8 els valors literaris de l&#8217;obra ens puguen arribar a tots, i ara tamb\u00e9 als internautes.<\/p>\n","protected":false},"excerpt":{"rendered":"<p>Diuen que el dia 8 de mar\u00e7 ser\u00e0 el dia del llan\u00e7ament d&#8217;El quadern gris en format de bloc. A pesar del fet que Josep Pla siga una figura m\u00e9s aviat associada a la misog\u00ednia o, m\u00e9s exactament, a l&#8217;antifeminisme, el llan\u00e7ament del llibre a la xarxa \u00e9s una gran iniciativa, perqu\u00e8 els valors literaris [&hellip;]<\/p>\n","protected":false},"author":2,"featured_media":0,"comment_status":"open","ping_status":"open","sticky":false,"template":"","format":"standard","meta":{"footnotes":""},"categories":[5,1],"tags":[],"class_list":["post-321","post","type-post","status-publish","format-standard","hentry","category-edicio","category-general"],"_links":{"self":[{"href":"https:\/\/www.cdlpv.org\/dtl\/wp-json\/wp\/v2\/posts\/321","targetHints":{"allow":["GET"]}}],"collection":[{"href":"https:\/\/www.cdlpv.org\/dtl\/wp-json\/wp\/v2\/posts"}],"about":[{"href":"https:\/\/www.cdlpv.org\/dtl\/wp-json\/wp\/v2\/types\/post"}],"author":[{"embeddable":true,"href":"https:\/\/www.cdlpv.org\/dtl\/wp-json\/wp\/v2\/users\/2"}],"replies":[{"embeddable":true,"href":"https:\/\/www.cdlpv.org\/dtl\/wp-json\/wp\/v2\/comments?post=321"}],"version-history":[{"count":0,"href":"https:\/\/www.cdlpv.org\/dtl\/wp-json\/wp\/v2\/posts\/321\/revisions"}],"wp:attachment":[{"href":"https:\/\/www.cdlpv.org\/dtl\/wp-json\/wp\/v2\/media?parent=321"}],"wp:term":[{"taxonomy":"category","embeddable":true,"href":"https:\/\/www.cdlpv.org\/dtl\/wp-json\/wp\/v2\/categories?post=321"},{"taxonomy":"post_tag","embeddable":true,"href":"https:\/\/www.cdlpv.org\/dtl\/wp-json\/wp\/v2\/tags?post=321"}],"curies":[{"name":"wp","href":"https:\/\/api.w.org\/{rel}","templated":true}]}}