{"id":319,"date":"2008-02-20T11:36:29","date_gmt":"2008-02-20T10:36:29","guid":{"rendered":"http:\/\/www.cdlpv.org\/dtl\/?p=319"},"modified":"2008-02-20T11:36:29","modified_gmt":"2008-02-20T10:36:29","slug":"modificacio-de-la-plantilla-de-lavl","status":"publish","type":"post","link":"https:\/\/www.cdlpv.org\/dtl\/2008\/02\/20\/modificacio-de-la-plantilla-de-lavl\/","title":{"rendered":"Modificaci\u00f3 de la plantilla de l&#8217;AVL"},"content":{"rendered":"<p>El <span class=\"versaleta\">cidaj<\/span> ens envia la informaci\u00f3 seg\u00fcent:<\/p>\n<blockquote><p>\nDECRET 16\/2008, de 15 de febrer, del Consell, pel qual es modifica la plantilla del personal al servici de l&#8217;Acad\u00e8mia Valenciana de la Llengua. [2008\/2010] (<span class=\"versaleta\"><em>docv<\/em><\/span> n\u00fam. 5.705, de 18.02.2008)<br \/>\n<a href=\"http:\/\/www.pre.gva.es\/L\/BASIS\/BDLGVPU\/WEB\/LEV_LISTADOS_TEXTO\/DDW?W=SIGNATURA_N=1993+AND+SIGNATURA_A=2008&#038;R=N\" target=\"_blank\">&#8211; vegeu text <\/a>\n<\/p><\/blockquote>\n<p>El detall dels llocs afectats \u00e9s el seg\u00fcent:<\/p>\n<p><a href='http:\/\/www.cdlpv.org\/dtl\/wp-content\/d16-2008-avl.jpg' title='Llocs de treball de l\u2019AVL' target='_blank'><img src='http:\/\/www.cdlpv.org\/dtl\/wp-content\/d16-2008-avl.thumbnail.jpg' alt='Llocs de treball de l\u2019AVL' \/><\/a><\/p>\n","protected":false},"excerpt":{"rendered":"<p>El cidaj ens envia la informaci\u00f3 seg\u00fcent: DECRET 16\/2008, de 15 de febrer, del Consell, pel qual es modifica la plantilla del personal al servici de l&#8217;Acad\u00e8mia Valenciana de la Llengua. [2008\/2010] (docv n\u00fam. 5.705, de 18.02.2008) &#8211; vegeu text El detall dels llocs afectats \u00e9s el seg\u00fcent:<\/p>\n","protected":false},"author":2,"featured_media":0,"comment_status":"open","ping_status":"open","sticky":false,"template":"","format":"standard","meta":{"footnotes":""},"categories":[1,15,24],"tags":[110,370],"class_list":["post-319","post","type-post","status-publish","format-standard","hentry","category-general","category-laboral","category-requisit-linguistic","tag-conductors","tag-plantilla"],"_links":{"self":[{"href":"https:\/\/www.cdlpv.org\/dtl\/wp-json\/wp\/v2\/posts\/319","targetHints":{"allow":["GET"]}}],"collection":[{"href":"https:\/\/www.cdlpv.org\/dtl\/wp-json\/wp\/v2\/posts"}],"about":[{"href":"https:\/\/www.cdlpv.org\/dtl\/wp-json\/wp\/v2\/types\/post"}],"author":[{"embeddable":true,"href":"https:\/\/www.cdlpv.org\/dtl\/wp-json\/wp\/v2\/users\/2"}],"replies":[{"embeddable":true,"href":"https:\/\/www.cdlpv.org\/dtl\/wp-json\/wp\/v2\/comments?post=319"}],"version-history":[{"count":0,"href":"https:\/\/www.cdlpv.org\/dtl\/wp-json\/wp\/v2\/posts\/319\/revisions"}],"wp:attachment":[{"href":"https:\/\/www.cdlpv.org\/dtl\/wp-json\/wp\/v2\/media?parent=319"}],"wp:term":[{"taxonomy":"category","embeddable":true,"href":"https:\/\/www.cdlpv.org\/dtl\/wp-json\/wp\/v2\/categories?post=319"},{"taxonomy":"post_tag","embeddable":true,"href":"https:\/\/www.cdlpv.org\/dtl\/wp-json\/wp\/v2\/tags?post=319"}],"curies":[{"name":"wp","href":"https:\/\/api.w.org\/{rel}","templated":true}]}}