{"id":317,"date":"2008-02-18T23:19:45","date_gmt":"2008-02-18T22:19:45","guid":{"rendered":"http:\/\/www.cdlpv.org\/dtl\/?p=317"},"modified":"2008-02-18T23:19:45","modified_gmt":"2008-02-18T22:19:45","slug":"profit-que-faca","status":"publish","type":"post","link":"https:\/\/www.cdlpv.org\/dtl\/2008\/02\/18\/profit-que-faca\/","title":{"rendered":"Profit que fa\u00e7a!"},"content":{"rendered":"<p>Xavier Rull ens informa (a trav\u00e9s d&#8217;<a href=\"http:\/\/listserv.rediris.es\/archives\/infozefir.html\" target=\"_blank\">InfoZ\u00e8fir<\/a>; font: <a href=\"http:\/\/www.3cat24.cat\/noticia\/256817\/\" target=\"_blank\">3cat24.cat<\/a>) de la iniciativa seg\u00fcent:<\/p>\n<blockquote>\n<h2>La Generalitat presenta un programa per potenciar el catal\u00e0 al sector de la restauraci\u00f3<\/h2>\n<p>El sector de la restauraci\u00f3, un dels que tenen m\u00e9s contacte amb el p\u00fablic, \u00e9s un dels que concentren m\u00e9s treballadors estrangers i, per tant, on m\u00e9s es nota que no parlen catal\u00e0. La Generalitat vol potenciar l&#8217;\u00fas de la llengua entre aquest col\u00b7lectiu i per aix\u00f2 ha posat en marxa un programa, Profit, dedicat exclusivament a ells, gr\u00e0cies al qual 2.500 immigrants podran aprendre catal\u00e0 aquest any. Tamb\u00e9 es demana als clients, per\u00f2, que es dirigeixin en catal\u00e0 als cambrers per contribuir al seu aprenentatge de la llengua.<\/p>\n<p>La Generalitat ha signat, amb el suport del sector i dels sindicats, un pacte per tirar endavant un programa de formaci\u00f3 del personal de la restauraci\u00f3 amb un doble objectiu: acostar la llengua catalana als treballadors del sector i formar-los en la seva feina.<\/p>\n<p>Amb un pressupost de 600.000 euros i la col\u00b7laboraci\u00f3 de tres departaments, el de Vicepresid\u00e8ncia, el d&#8217;Universitats i el d&#8217;Acci\u00f3 Social i Ciutadania, el programa Profit oferir\u00e0 200 cursos de vint hores lectives. Comen\u00e7aran al mar\u00e7 amb deu proves pilot a tot el territori i ja s&#8217;hi han apuntat 2.500 cambrers.<\/p>\n<p>Actualment, el 98% de les empreses de restauraci\u00f3 tenen algun treballador estranger, i el 58% tenen m\u00e9s de la meitat de la plantilla de proced\u00e8ncia immigrant. La majoria dels treballadors estrangers, el 61%, consideren imprescindible tenir nocions de catal\u00e0 per atendre correctament els clients, i els empresaris tamb\u00e9 creuen que els conv\u00e9 que el seu personal conegui el<br \/>\ncatal\u00e0, tot i que no est\u00e0 entre les seves prioritats.<\/p>\n<p>La Generalitat, per\u00f2, considera que l&#8217;actitud del client tamb\u00e9 \u00e9s important a l&#8217;hora de potenciar el catal\u00e0 als bars i restaurants. \u00c9s per aix\u00f2 que el vicepresident del govern, Josep-Llu\u00eds Carod-Rovira, ha fet una crida als catalanoparlants a no renunciar al catal\u00e0 a l&#8217;hora de demanar un caf\u00e8.<\/p><\/blockquote>\n","protected":false},"excerpt":{"rendered":"<p>Xavier Rull ens informa (a trav\u00e9s d&#8217;InfoZ\u00e8fir; font: 3cat24.cat) de la iniciativa seg\u00fcent: La Generalitat presenta un programa per potenciar el catal\u00e0 al sector de la restauraci\u00f3 El sector de la restauraci\u00f3, un dels que tenen m\u00e9s contacte amb el p\u00fablic, \u00e9s un dels que concentren m\u00e9s treballadors estrangers i, per tant, on m\u00e9s es [&hellip;]<\/p>\n","protected":false},"author":2,"featured_media":0,"comment_status":"open","ping_status":"open","sticky":false,"template":"","format":"standard","meta":{"footnotes":""},"categories":[7,10,1,15,47],"tags":[241,388,413],"class_list":["post-317","post","type-post","status-publish","format-standard","hentry","category-empreses","category-formacio","category-general","category-laboral","category-planificacio","tag-immigracio","tag-profit","tag-restauracio"],"_links":{"self":[{"href":"https:\/\/www.cdlpv.org\/dtl\/wp-json\/wp\/v2\/posts\/317","targetHints":{"allow":["GET"]}}],"collection":[{"href":"https:\/\/www.cdlpv.org\/dtl\/wp-json\/wp\/v2\/posts"}],"about":[{"href":"https:\/\/www.cdlpv.org\/dtl\/wp-json\/wp\/v2\/types\/post"}],"author":[{"embeddable":true,"href":"https:\/\/www.cdlpv.org\/dtl\/wp-json\/wp\/v2\/users\/2"}],"replies":[{"embeddable":true,"href":"https:\/\/www.cdlpv.org\/dtl\/wp-json\/wp\/v2\/comments?post=317"}],"version-history":[{"count":0,"href":"https:\/\/www.cdlpv.org\/dtl\/wp-json\/wp\/v2\/posts\/317\/revisions"}],"wp:attachment":[{"href":"https:\/\/www.cdlpv.org\/dtl\/wp-json\/wp\/v2\/media?parent=317"}],"wp:term":[{"taxonomy":"category","embeddable":true,"href":"https:\/\/www.cdlpv.org\/dtl\/wp-json\/wp\/v2\/categories?post=317"},{"taxonomy":"post_tag","embeddable":true,"href":"https:\/\/www.cdlpv.org\/dtl\/wp-json\/wp\/v2\/tags?post=317"}],"curies":[{"name":"wp","href":"https:\/\/api.w.org\/{rel}","templated":true}]}}