{"id":3167,"date":"2017-12-20T08:00:01","date_gmt":"2017-12-20T07:00:01","guid":{"rendered":"http:\/\/www.cdlpv.org\/dtl\/?p=3167"},"modified":"2017-12-19T23:17:56","modified_gmt":"2017-12-19T22:17:56","slug":"un-nou-instrument","status":"publish","type":"post","link":"https:\/\/www.cdlpv.org\/dtl\/2017\/12\/20\/un-nou-instrument\/","title":{"rendered":"Un nou instrument per als deures ling\u00fc\u00edstics"},"content":{"rendered":"<p>La Generalitat valenciana ha creat oficialment una Oficina de Drets Ling\u00fc\u00edstics (<span class=\"versaleta\">dogv<\/span> n\u00famero 8.192, 18.12.2017):<\/p>\n<blockquote><p>Decret 187\/2017, de 24 de novembre, del Consell, pel qual es regula el funcionament de l\u2019Oficina de Drets Ling\u00fc\u00edstics. <span class=\"versaleta\"><a href=\"http:\/\/www.dogv.gva.es\/datos\/2017\/12\/18\/pdf\/2017_11479.pdf\" target=\"_blank\" rel=\"noopener\">[pdf]<\/a><\/span><\/p><\/blockquote>\n<p>Podem fer un petit recorregut period\u00edstic en relaci\u00f3 amb l&#8217;oficina:<\/p>\n<blockquote>\n<ul>\n<li><em>El Temps<\/em>, <a href=\"https:\/\/www.eltemps.cat\/article\/1053\/aixi-sera-loficina-de-drets-linguistics-valenciana\/\" target=\"_blank\" rel=\"noopener\">10.03.2017<\/a>: \u00abAix\u00ed ser\u00e0 l&#8217;Oficina de Drets Ling\u00fc\u00edstics valenciana\u00bb de Mois\u00e9s P\u00e9rez<\/li>\n<li><em>Diari La Veu<\/em>, <a href=\"https:\/\/www.diarilaveu.com\/noticia\/78565\/oficina-drets-linguistics-arranca\" target=\"_blank\" rel=\"noopener\">18.12.2017<\/a>: \u00abL&#8217;Oficina de Drets Ling\u00fc\u00edstics ja \u00e9s una realitat\u00bb<\/li>\n<li><em>Diari La Veu<\/em>, <a href=\"https:\/\/www.diarilaveu.com\/noticia\/78582\/oficina-drets-linguistics-funcionament\" target=\"_blank\" rel=\"noopener\">19.12.2017<\/a>: \u00abCom funcionar\u00e0 l&#8217;Oficina de Drets Ling\u00fc\u00edstics?\u00bb de Tere Rodr\u00edguez<\/li>\n<\/ul>\n<\/blockquote>\n","protected":false},"excerpt":{"rendered":"<p>La Generalitat valenciana ha creat oficialment una Oficina de Drets Ling\u00fc\u00edstics (dogv n\u00famero 8.192, 18.12.2017): Decret 187\/2017, de 24 de novembre, del Consell, pel qual es regula el funcionament de l\u2019Oficina de Drets Ling\u00fc\u00edstics. [pdf] Podem fer un petit recorregut period\u00edstic en relaci\u00f3 amb l&#8217;oficina: El Temps, 10.03.2017: \u00abAix\u00ed ser\u00e0 l&#8217;Oficina de Drets Ling\u00fc\u00edstics valenciana\u00bb [&hellip;]<\/p>\n","protected":false},"author":56,"featured_media":0,"comment_status":"open","ping_status":"open","sticky":false,"template":"","format":"standard","meta":{"footnotes":""},"categories":[4,23,24],"tags":[159,224],"class_list":["post-3167","post","type-post","status-publish","format-standard","hentry","category-dret","category-reglaments-linguistics","category-requisit-linguistic","tag-drets-linguistics","tag-generalitat-valenciana"],"_links":{"self":[{"href":"https:\/\/www.cdlpv.org\/dtl\/wp-json\/wp\/v2\/posts\/3167","targetHints":{"allow":["GET"]}}],"collection":[{"href":"https:\/\/www.cdlpv.org\/dtl\/wp-json\/wp\/v2\/posts"}],"about":[{"href":"https:\/\/www.cdlpv.org\/dtl\/wp-json\/wp\/v2\/types\/post"}],"author":[{"embeddable":true,"href":"https:\/\/www.cdlpv.org\/dtl\/wp-json\/wp\/v2\/users\/56"}],"replies":[{"embeddable":true,"href":"https:\/\/www.cdlpv.org\/dtl\/wp-json\/wp\/v2\/comments?post=3167"}],"version-history":[{"count":4,"href":"https:\/\/www.cdlpv.org\/dtl\/wp-json\/wp\/v2\/posts\/3167\/revisions"}],"predecessor-version":[{"id":3170,"href":"https:\/\/www.cdlpv.org\/dtl\/wp-json\/wp\/v2\/posts\/3167\/revisions\/3170"}],"wp:attachment":[{"href":"https:\/\/www.cdlpv.org\/dtl\/wp-json\/wp\/v2\/media?parent=3167"}],"wp:term":[{"taxonomy":"category","embeddable":true,"href":"https:\/\/www.cdlpv.org\/dtl\/wp-json\/wp\/v2\/categories?post=3167"},{"taxonomy":"post_tag","embeddable":true,"href":"https:\/\/www.cdlpv.org\/dtl\/wp-json\/wp\/v2\/tags?post=3167"}],"curies":[{"name":"wp","href":"https:\/\/api.w.org\/{rel}","templated":true}]}}