{"id":3165,"date":"2017-11-17T20:30:07","date_gmt":"2017-11-17T19:30:07","guid":{"rendered":"http:\/\/www.cdlpv.org\/dtl\/?p=3165"},"modified":"2017-11-17T18:34:27","modified_gmt":"2017-11-17T17:34:27","slug":"el-bopv-encara-no-es-bilingue","status":"publish","type":"post","link":"https:\/\/www.cdlpv.org\/dtl\/2017\/11\/17\/el-bopv-encara-no-es-bilingue\/","title":{"rendered":"El BOPV encara no \u00e9s biling\u00fce"},"content":{"rendered":"<p>Fa poc m\u00e9s d&#8217;un any la Diputaci\u00f3 de Val\u00e8ncia anunciava (<a href=\"http:\/\/www.dival.es\/sala-prensa\/content\/el-butlleti-oficial-de-valencia-tornara-ser-bilinguee-despres-de-set-anys\" target=\"_blank\" rel=\"noopener\">06.10.2016<\/a>):<\/p>\n<blockquote>\n<h2>El butllet\u00ed oficial de Val\u00e8ncia tornar\u00e0 a ser biling\u00fce despr\u00e9s de set anys<\/h2>\n<p>L&#8217;any 2009, el <em><a href=\"https:\/\/bop.dival.es\/bop\/drvisapi.dll\" target=\"_blank\" rel=\"noopener\">Butllet\u00ed Oficial de la Prov\u00edncia<\/a><\/em> (BOP) va deixar de ser una publicaci\u00f3 biling\u00fce, una pr\u00e0ctica que l&#8217;\u00c0rea d&#8217;Administraci\u00f3 General de la Diputaci\u00f3, dirigida pel diputat Pepe Ru\u00edz, vol reprendre. Aix\u00ed ho ha avan\u00e7at aquest dijous el president de la Diputaci\u00f3, Jorge Rodr\u00edguez, que ha posat en valor la defensa de la llengua valenciana en vespres de la celebraci\u00f3 del 9 d\u2019Octubre. \u00abCom est\u00e0 fent des del principi aquesta Diputaci\u00f3, anteposem els fets a les paraules\u00bb, ha assenyalat el president.<\/p>\n<p>Rodr\u00edguez ha apostat pel respecte cap a les dues lleng\u00fces oficials de les comarques valencianes i ha destacat la iniciativa de l&#8217;\u00c0rea de Pepe Ruiz, que ha acompanyat al president per a fer p\u00fablic el projecte i anunciar les accions de la Diputaci\u00f3 amb motiu del 9 d\u2019Octubre. La implantaci\u00f3 del valenci\u00e0 en el BOP es far\u00e0 de forma escalonada per fases. La Corporaci\u00f3 provincial engegar\u00e0 aquest nou servei amb mitjans propis, a\u00e7\u00f2 \u00e9s, sense rec\u00f3rrer en cap cas a la contractaci\u00f3 externa de les traduccions. Per a a\u00e7\u00f2, es pret\u00e9n acompassar el previsible increment de la c\u00e0rrega de treball amb la dotaci\u00f3 dels mitjans materials i humans que es requerisca. La data triada per a llan\u00e7ar la primera fase del pla \u00e9s el 10 d&#8217;octubre, ja que el butllet\u00ed no es publica el Dia de la Comunitat Valenciana per ser festiu. En aquesta primera etapa, seran els anuncis de la Diputaci\u00f3 els que apareixeran en els dos idiomes oficials.<\/p>\n<p>En una segona fase, a m\u00e9s dels anuncis de la Diputaci\u00f3, els dels ajuntaments tamb\u00e9 s&#8217;incorporaran al nou BOP biling\u00fce. En el cas de les localitats m\u00e9s xicotetes, que no compten amb mitjans suficients per a elaborar els seus anuncis en les dues lleng\u00fces oficials, la Diputaci\u00f3 est\u00e0 estudiant les possibles formes de col\u00b7laboraci\u00f3 que permeten solucionar aquesta manca.<\/p><\/blockquote>\n<p>Ha passat un any i, malauradament, encara no han superat la \u00abprimera etapa\u00bb: els anuncis dels ajuntaments no tenen sempre versi\u00f3 en valenci\u00e0 i, per tant, la publicaci\u00f3 encara no t\u00e9 versi\u00f3 completa en les dos lleng\u00fces oficials. Esperem que el projecte no haja encallat i que la diputaci\u00f3 acabe complint totes les \u00abfases\u00bb que havia programat per a, si m\u00e9s no, \u00abtornar\u00bb \u2014tal com diuen\u2014 a la situaci\u00f3 del 2009.<\/p>\n<p>Mentres els pol\u00edtics estatals i valencians continuen aprovant normes que discriminen injustament els ciutadans pel motiu que siga, en este cas, per motius ling\u00fc\u00edstics, de poc servir\u00e0 que hi haja administracions que tracten de suplir eixa defici\u00e8ncia amb focs d&#8217;encenalls.<\/p>\n","protected":false},"excerpt":{"rendered":"<p>Fa poc m\u00e9s d&#8217;un any la Diputaci\u00f3 de Val\u00e8ncia anunciava (06.10.2016): El butllet\u00ed oficial de Val\u00e8ncia tornar\u00e0 a ser biling\u00fce despr\u00e9s de set anys L&#8217;any 2009, el Butllet\u00ed Oficial de la Prov\u00edncia (BOP) va deixar de ser una publicaci\u00f3 biling\u00fce, una pr\u00e0ctica que l&#8217;\u00c0rea d&#8217;Administraci\u00f3 General de la Diputaci\u00f3, dirigida pel diputat Pepe Ru\u00edz, vol [&hellip;]<\/p>\n","protected":false},"author":56,"featured_media":0,"comment_status":"open","ping_status":"open","sticky":false,"template":"","format":"standard","meta":{"footnotes":""},"categories":[1],"tags":[],"class_list":["post-3165","post","type-post","status-publish","format-standard","hentry","category-general"],"_links":{"self":[{"href":"https:\/\/www.cdlpv.org\/dtl\/wp-json\/wp\/v2\/posts\/3165","targetHints":{"allow":["GET"]}}],"collection":[{"href":"https:\/\/www.cdlpv.org\/dtl\/wp-json\/wp\/v2\/posts"}],"about":[{"href":"https:\/\/www.cdlpv.org\/dtl\/wp-json\/wp\/v2\/types\/post"}],"author":[{"embeddable":true,"href":"https:\/\/www.cdlpv.org\/dtl\/wp-json\/wp\/v2\/users\/56"}],"replies":[{"embeddable":true,"href":"https:\/\/www.cdlpv.org\/dtl\/wp-json\/wp\/v2\/comments?post=3165"}],"version-history":[{"count":1,"href":"https:\/\/www.cdlpv.org\/dtl\/wp-json\/wp\/v2\/posts\/3165\/revisions"}],"predecessor-version":[{"id":3166,"href":"https:\/\/www.cdlpv.org\/dtl\/wp-json\/wp\/v2\/posts\/3165\/revisions\/3166"}],"wp:attachment":[{"href":"https:\/\/www.cdlpv.org\/dtl\/wp-json\/wp\/v2\/media?parent=3165"}],"wp:term":[{"taxonomy":"category","embeddable":true,"href":"https:\/\/www.cdlpv.org\/dtl\/wp-json\/wp\/v2\/categories?post=3165"},{"taxonomy":"post_tag","embeddable":true,"href":"https:\/\/www.cdlpv.org\/dtl\/wp-json\/wp\/v2\/tags?post=3165"}],"curies":[{"name":"wp","href":"https:\/\/api.w.org\/{rel}","templated":true}]}}