{"id":3162,"date":"2017-10-31T08:30:11","date_gmt":"2017-10-31T07:30:11","guid":{"rendered":"http:\/\/www.cdlpv.org\/dtl\/?p=3162"},"modified":"2017-10-30T21:42:13","modified_gmt":"2017-10-30T20:42:13","slug":"el-plurilinguisme-i-les-relacions-interculturals","status":"publish","type":"post","link":"https:\/\/www.cdlpv.org\/dtl\/2017\/10\/31\/el-plurilinguisme-i-les-relacions-interculturals\/","title":{"rendered":"El pluriling\u00fcisme i les relacions interculturals"},"content":{"rendered":"<p>Mentres continua el rebombori republic\u00e0 o \u00abunionista\u00bb que arriba de Catalunya, podem llegir dos articles sobre dos aspectes relacionats amb l&#8217;activitat i la conformaci\u00f3 socials. Els podem llegir com a complement de les simplificacions pol\u00edtiques i period\u00edstiques, ja que tracten aspectes diferents d&#8217;un mateix fons cultural i ling\u00fc\u00edstic en conflicte:<\/p>\n<blockquote>\n<ul>\n<li>Esther Monz\u00f3 Nebot: \u00abL\u2019odi, la vida p\u00fablica i les relacions interculturals\u00bb (bloc de la <em>Revista de Llengua i Dret,<\/em> <a href=\"https:\/\/eapc-rld.blog.gencat.cat\/2017\/10\/05\/lodi-la-vida-publica-i-les-relacions-interculturals-esther-monzo-nebot\/\" target=\"_blank\" rel=\"noopener\">05.10.2017<\/a>)<\/li>\n<li>Alfons Esteve i G\u00f3mez: \u00abPluriling\u00fcisme: poques lleng\u00fces, moltes normes i massa recursos\u00bb (bloc de la <em>Revista de Llengua i Dret,<\/em> <a href=\"https:\/\/eapc-rld.blog.gencat.cat\/2017\/10\/12\/plurilinguisme-poques-llengues-moltes-normes-i-massa-recursos-alfons-esteve\/\" target=\"_blank\" rel=\"noopener\">12.10.2017<\/a>)<\/li>\n<\/ul>\n<\/blockquote>\n","protected":false},"excerpt":{"rendered":"<p>Mentres continua el rebombori republic\u00e0 o \u00abunionista\u00bb que arriba de Catalunya, podem llegir dos articles sobre dos aspectes relacionats amb l&#8217;activitat i la conformaci\u00f3 socials. Els podem llegir com a complement de les simplificacions pol\u00edtiques i period\u00edstiques, ja que tracten aspectes diferents d&#8217;un mateix fons cultural i ling\u00fc\u00edstic en conflicte: Esther Monz\u00f3 Nebot: \u00abL\u2019odi, la [&hellip;]<\/p>\n","protected":false},"author":56,"featured_media":0,"comment_status":"open","ping_status":"open","sticky":false,"template":"","format":"standard","meta":{"footnotes":""},"categories":[4,45,47,19],"tags":[64,164,417],"class_list":["post-3162","post","type-post","status-publish","format-standard","hentry","category-dret","category-ensenyament","category-planificacio","category-politica","tag-articles","tag-educacio","tag-revistes"],"_links":{"self":[{"href":"https:\/\/www.cdlpv.org\/dtl\/wp-json\/wp\/v2\/posts\/3162","targetHints":{"allow":["GET"]}}],"collection":[{"href":"https:\/\/www.cdlpv.org\/dtl\/wp-json\/wp\/v2\/posts"}],"about":[{"href":"https:\/\/www.cdlpv.org\/dtl\/wp-json\/wp\/v2\/types\/post"}],"author":[{"embeddable":true,"href":"https:\/\/www.cdlpv.org\/dtl\/wp-json\/wp\/v2\/users\/56"}],"replies":[{"embeddable":true,"href":"https:\/\/www.cdlpv.org\/dtl\/wp-json\/wp\/v2\/comments?post=3162"}],"version-history":[{"count":2,"href":"https:\/\/www.cdlpv.org\/dtl\/wp-json\/wp\/v2\/posts\/3162\/revisions"}],"predecessor-version":[{"id":3164,"href":"https:\/\/www.cdlpv.org\/dtl\/wp-json\/wp\/v2\/posts\/3162\/revisions\/3164"}],"wp:attachment":[{"href":"https:\/\/www.cdlpv.org\/dtl\/wp-json\/wp\/v2\/media?parent=3162"}],"wp:term":[{"taxonomy":"category","embeddable":true,"href":"https:\/\/www.cdlpv.org\/dtl\/wp-json\/wp\/v2\/categories?post=3162"},{"taxonomy":"post_tag","embeddable":true,"href":"https:\/\/www.cdlpv.org\/dtl\/wp-json\/wp\/v2\/tags?post=3162"}],"curies":[{"name":"wp","href":"https:\/\/api.w.org\/{rel}","templated":true}]}}