{"id":3160,"date":"2017-10-27T15:30:09","date_gmt":"2017-10-27T14:30:09","guid":{"rendered":"http:\/\/www.cdlpv.org\/dtl\/?p=3160"},"modified":"2017-10-27T09:18:18","modified_gmt":"2017-10-27T08:18:18","slug":"lacompanyament-del-palpag","status":"publish","type":"post","link":"https:\/\/www.cdlpv.org\/dtl\/2017\/10\/27\/lacompanyament-del-palpag\/","title":{"rendered":"L&#8217;acompanyament del PALPAG"},"content":{"rendered":"<p>El Programa d&#8217;acompanyament ling\u00fc\u00edstic al personal de l&#8217;administraci\u00f3 de la Generalitat (<a href=\"http:\/\/www.ceice.gva.es\/documents\/161863132\/163253002\/PLA_d%27ACOMPANYAMENT.pdf\/05202c8d-ac0b-45df-849a-566414e7ee27\" target=\"_blank\" rel=\"noopener\">PALPAG<\/a>), derivat del <a href=\"https:\/\/www.dogv.gva.es\/datos\/2017\/05\/23\/pdf\/2017_4338.pdf\" target=\"_blank\" rel=\"noopener\">decret<\/a> d&#8217;usos institucionals i administratius, va configurant els recursos que posa a disposici\u00f3 del personal de l&#8217;administraci\u00f3 p\u00fablica, tal com exposen en el comunicat que han enviat als funcionaris de l&#8217;administraci\u00f3 de la Generalitat:<\/p>\n<blockquote><p>La Direcci\u00f3 General de Pol\u00edtica Ling\u00fc\u00edstica i Gesti\u00f3 del Multiling\u00fcisme ha estat treballant per a implementar les l\u00ednies estrat\u00e8giques que conformen el Pla d&#8217;acompanyament ling\u00fc\u00edstic al personal de l&#8217;administraci\u00f3 de la Generalitat. Us fem saber, per tant, que a partir del dia 30 d&#8217;octubre entrar\u00e0 en funcionament el servei d&#8217;atenci\u00f3 ling\u00fc\u00edstica, mitjan\u00e7ant el qual es resoldran dubtes ling\u00fc\u00edstics a trav\u00e9s de l&#8217;atenci\u00f3 telef\u00f2nica i del correu electr\u00f2nic.<\/p><\/blockquote>\n<p>El n\u00famero de tel\u00e8fon intern dins del sistema de l&#8217;administraci\u00f3 \u00e9s: 403000; el correu electr\u00f2nic per al personal de la Generalitat \u00e9s: <a href=\"mailto:dubtes_pal@gva.es\" target=\"_blank\" rel=\"noopener\">dubtes_pal@gva.es<\/a>.<\/p>\n","protected":false},"excerpt":{"rendered":"<p>El Programa d&#8217;acompanyament ling\u00fc\u00edstic al personal de l&#8217;administraci\u00f3 de la Generalitat (PALPAG), derivat del decret d&#8217;usos institucionals i administratius, va configurant els recursos que posa a disposici\u00f3 del personal de l&#8217;administraci\u00f3 p\u00fablica, tal com exposen en el comunicat que han enviat als funcionaris de l&#8217;administraci\u00f3 de la Generalitat: La Direcci\u00f3 General de Pol\u00edtica Ling\u00fc\u00edstica i [&hellip;]<\/p>\n","protected":false},"author":56,"featured_media":0,"comment_status":"open","ping_status":"open","sticky":false,"template":"","format":"standard","meta":{"footnotes":""},"categories":[10,47,26],"tags":[376],"class_list":["post-3160","post","type-post","status-publish","format-standard","hentry","category-formacio","category-planificacio","category-serveis-linguistics","tag-politica-linguistica"],"_links":{"self":[{"href":"https:\/\/www.cdlpv.org\/dtl\/wp-json\/wp\/v2\/posts\/3160","targetHints":{"allow":["GET"]}}],"collection":[{"href":"https:\/\/www.cdlpv.org\/dtl\/wp-json\/wp\/v2\/posts"}],"about":[{"href":"https:\/\/www.cdlpv.org\/dtl\/wp-json\/wp\/v2\/types\/post"}],"author":[{"embeddable":true,"href":"https:\/\/www.cdlpv.org\/dtl\/wp-json\/wp\/v2\/users\/56"}],"replies":[{"embeddable":true,"href":"https:\/\/www.cdlpv.org\/dtl\/wp-json\/wp\/v2\/comments?post=3160"}],"version-history":[{"count":1,"href":"https:\/\/www.cdlpv.org\/dtl\/wp-json\/wp\/v2\/posts\/3160\/revisions"}],"predecessor-version":[{"id":3161,"href":"https:\/\/www.cdlpv.org\/dtl\/wp-json\/wp\/v2\/posts\/3160\/revisions\/3161"}],"wp:attachment":[{"href":"https:\/\/www.cdlpv.org\/dtl\/wp-json\/wp\/v2\/media?parent=3160"}],"wp:term":[{"taxonomy":"category","embeddable":true,"href":"https:\/\/www.cdlpv.org\/dtl\/wp-json\/wp\/v2\/categories?post=3160"},{"taxonomy":"post_tag","embeddable":true,"href":"https:\/\/www.cdlpv.org\/dtl\/wp-json\/wp\/v2\/tags?post=3160"}],"curies":[{"name":"wp","href":"https:\/\/api.w.org\/{rel}","templated":true}]}}