{"id":316,"date":"2008-02-18T15:05:38","date_gmt":"2008-02-18T14:05:38","guid":{"rendered":"http:\/\/www.cdlpv.org\/dtl\/?p=316"},"modified":"2008-02-18T15:05:38","modified_gmt":"2008-02-18T14:05:38","slug":"despesa-en-politica-linguistica-4","status":"publish","type":"post","link":"https:\/\/www.cdlpv.org\/dtl\/2008\/02\/18\/despesa-en-politica-linguistica-4\/","title":{"rendered":"Despesa en pol\u00edtica ling\u00fc\u00edstica (4)"},"content":{"rendered":"<p>Segons el diari <em>El Pa\u00eds<\/em> de hui <a href=\"http:\/\/www.elpais.com\/articulo\/Comunidad\/Valenciana\/indice\/lectura\/valenciano\/minimos\/elpepiespval\/20080218elpval_1\/Tes\" target=\"_blank\">(18.02.2008)<\/a>:<\/p>\n<blockquote>\n<h2>L&#8217;\u00edndex de lectura en valenci\u00e0, sota m\u00ednims<\/h2>\n<h5>EP &#8211; Val\u00e8ncia &#8211; 18\/02\/2008<\/h5>\n<p>El nombre de persones que lligen en valenci\u00e0 de forma ocasional o habitual es situa sota m\u00ednims, segons el Bar\u00f2metre d&#8217;h\u00e0bits de lectura i compra de llibres 2007 elaborat per la Federaci\u00f3 de Gremis d&#8217;Editors d&#8217;Espanya.<\/p>\n<p>L&#8217;\u00edndex de lectura en valenci\u00e0 es xifrava en un 5,7% en 2006, i va caure al 3,6% l&#8217;any passat. l&#8217;\u00e8uscar \u00e9s l&#8217;\u00fanica llengua vernacla que llan\u00e7a percentatges inferiors de lectors, per\u00f2 l&#8217;\u00edndex puja des de l&#8217;1,8% en 2006 a un 2,2% en 2007.<\/p>\n<p>La Comunitat Valenciana \u00e9s l&#8217;\u00fanica de tota Espanya en la qual descendix el nombre de lectors en llengua vernacla.<\/p>\n<p>Els \u00edndexs de lectura en catal\u00e0 a Catalunya i Balears arriben a el 15,4% i pugen per tercer any consecutiu. Mentre, l&#8217;\u00edndex de lectura en gallec puja fins al 3,9% enfront del 3,5% que registrava en 2006.<\/p>\n<p>Al marge del castell\u00e0, els lectors de llibres editats en angl\u00e9s i franc\u00e9s superen els lectors de llibres editats en qualsevol de les restants lleng\u00fces vernacles d&#8217;Espanya.<\/p>\n<p>El mateix informe revela una caiguda de l&#8217;\u00edndex general de lectura a la Comunitat Valenciana enfront d&#8217;una al\u00e7a d&#8217;un punt i mig en tota Espanya.<\/p>\n<p>L&#8217;\u00edndex general de lectors de llibres en territori valenci\u00e0 se situa en des\u00e9 lloc sobre el conjunt de les comunitats aut\u00f2nomes i per sota de la mitjana espanyola.<\/p><\/blockquote>\n<p>I davant d&#8217;aix\u00f2, \u00bfquin \u00e9s el pressupost dedicat a la pol\u00edtica ling\u00fc\u00edstica valenciana? El seg\u00fcent:<\/p>\n<hr \/>\n<\/hr>\n<table align=\"center\" border=\"0\" cellpadding=\"2\" cellspacing=\"2\" height=\"47\" width=\"500\">\n<tr>\n<td><strong>Pressupost 2008<\/strong><\/p>\n<h5>Prog. 422.50<\/h5>\n<\/td>\n<td><em>Total<\/em><\/p>\n<h5>7.035.350 |<\/h5>\n<\/td>\n<td><em>Habitants<\/em><\/p>\n<h5>4.892.475 |<\/h5>\n<\/td>\n<td><em>Euros\/habitant<\/em><\/p>\n<h5>1,438 \u20ac<\/h5>\n<\/td>\n<\/tr>\n<\/table>\n<p>Font: elaboraci\u00f3 de la CDLPV a partir de dades p\u00fabliques. Vegeu tamb\u00e9 la <a href=\"http:\/\/www.cdlpv.org\/dtl\/?p=23\" target=\"_blank\">taula comparativa<\/a> del 2006.<\/p>\n<hr \/>\n<\/hr>\n<p>La consignaci\u00f3 pressupost\u00e0ria per al 2008 de la Generaliat valenciana adre\u00e7ada a la promoci\u00f3 del valenci\u00e0 \u00e9s de 7.035.350 euros. \u00c9s a dir, el programa 422.50 de la Conselleria d&#8217;Educaci\u00f3 creix un 3,99% respecte a l&#8217;any 2007. Dins del programa, les ajudes als ajuntaments han augmentat enguany 10.000 euros respecte a l&#8217;any passat. Per al 2008 s\u00f3n 460.000 euros; per a l&#8217;any 2007 van ser de 450.000; l&#8217;any 2006 eren 456.000 euros. I aixina, encara estem a 29.900 euros dels 489.900 euros de l\u2019any 2005.<\/p>\n<p>Una dada important tamb\u00e9 \u00e9s que el pressupost de l&#8217;<span class=\"versaleta\">avl<\/span> \u2014que correspon a un altre programa\u2014, \u00e9s de 4.225.150 euros. \u00c9s a dir, t\u00e9 un increment del 9,29% respecte del de l&#8217;any 2007, segons les dades oficials.<\/p>\n<p>Com es pot observar, la despesa per habitant encara es situa l&#8217;\u00faltima respecte a la comparativa del 2006 i nom\u00e9s augmenta 6 c\u00e8ntims, un 4,2% en dos anys, molt per baix de l&#8217;<span class=\"versaleta\">ipc<\/span>, amb la qual cosa el mercat en valenci\u00e0 no fa m\u00e9s que perdre capacitat adquisitiva.<\/p>\n","protected":false},"excerpt":{"rendered":"<p>Segons el diari El Pa\u00eds de hui (18.02.2008): L&#8217;\u00edndex de lectura en valenci\u00e0, sota m\u00ednims EP &#8211; Val\u00e8ncia &#8211; 18\/02\/2008 El nombre de persones que lligen en valenci\u00e0 de forma ocasional o habitual es situa sota m\u00ednims, segons el Bar\u00f2metre d&#8217;h\u00e0bits de lectura i compra de llibres 2007 elaborat per la Federaci\u00f3 de Gremis d&#8217;Editors [&hellip;]<\/p>\n","protected":false},"author":2,"featured_media":0,"comment_status":"open","ping_status":"open","sticky":false,"template":"","format":"standard","meta":{"footnotes":""},"categories":[38,1,47,19,21,28],"tags":[108,141,252,368,383],"class_list":["post-316","post","type-post","status-publish","format-standard","hentry","category-avl","category-general","category-planificacio","category-politica","category-pressuposts","category-subvencions","tag-comparativa","tag-despesa","tag-inversio","tag-planificacio","tag-pressupost"],"_links":{"self":[{"href":"https:\/\/www.cdlpv.org\/dtl\/wp-json\/wp\/v2\/posts\/316","targetHints":{"allow":["GET"]}}],"collection":[{"href":"https:\/\/www.cdlpv.org\/dtl\/wp-json\/wp\/v2\/posts"}],"about":[{"href":"https:\/\/www.cdlpv.org\/dtl\/wp-json\/wp\/v2\/types\/post"}],"author":[{"embeddable":true,"href":"https:\/\/www.cdlpv.org\/dtl\/wp-json\/wp\/v2\/users\/2"}],"replies":[{"embeddable":true,"href":"https:\/\/www.cdlpv.org\/dtl\/wp-json\/wp\/v2\/comments?post=316"}],"version-history":[{"count":0,"href":"https:\/\/www.cdlpv.org\/dtl\/wp-json\/wp\/v2\/posts\/316\/revisions"}],"wp:attachment":[{"href":"https:\/\/www.cdlpv.org\/dtl\/wp-json\/wp\/v2\/media?parent=316"}],"wp:term":[{"taxonomy":"category","embeddable":true,"href":"https:\/\/www.cdlpv.org\/dtl\/wp-json\/wp\/v2\/categories?post=316"},{"taxonomy":"post_tag","embeddable":true,"href":"https:\/\/www.cdlpv.org\/dtl\/wp-json\/wp\/v2\/tags?post=316"}],"curies":[{"name":"wp","href":"https:\/\/api.w.org\/{rel}","templated":true}]}}