{"id":3152,"date":"2017-08-18T15:30:23","date_gmt":"2017-08-18T14:30:23","guid":{"rendered":"http:\/\/www.cdlpv.org\/dtl\/?p=3152"},"modified":"2017-08-17T13:01:03","modified_gmt":"2017-08-17T12:01:03","slug":"drets-i-deures-linguistics-dels-interins","status":"publish","type":"post","link":"https:\/\/www.cdlpv.org\/dtl\/2017\/08\/18\/drets-i-deures-linguistics-dels-interins\/","title":{"rendered":"Drets i deures ling\u00fc\u00edstics dels interins"},"content":{"rendered":"<p>La igualtat de tracte dels funcionaris interins \u00e9s una lluita de llarg recorregut que va avan\u00e7ant lentament. Com a marc m\u00e9s general hi ha la directiva 1999\/70\/CE del Consell de la Uni\u00f3 Europea que establix que no poden discriminats pel tipus de contracte. I pel cant\u00f3 dels deures, tampoc no poden ser discriminats (ni privilegiats). En el cas dels docents, per tant, els seus deures i obligacions ling\u00fc\u00edstics tamb\u00e9 s\u00f3n clars i equiparables amb la resta de funcionaris. Aix\u00ed ho ha considerat un jutjat en una sent\u00e8ncia (<em>La Veu del Pa\u00eds Valenci\u00e0, <\/em><a href=\"https:\/\/www.diarilaveu.com\/noticia\/75766\/interins-educacio-jutjat-valencia?id_butlleti_enviar=1681&amp;utm_source=butlleti_article&amp;utm_medium=butlleti&amp;utm_campaign=Array\" target=\"_blank\" rel=\"noopener\">09.08.2017<\/a>):<\/p>\n<blockquote>\n<h3>Un jutjat avala que els interins han de tindre coneixements de valenci\u00e0 per a poder optar a una vacant<\/h3>\n<h4>Un grup de docents havia demanat la paralitzaci\u00f3 cautelar de la resoluci\u00f3 d&#8217;Educaci\u00f3 que regula la compet\u00e8ncia ling\u00fc\u00edstica en l&#8217;ensenyament<\/h4>\n<p><a href=\"https:\/\/www.diarilaveu.com\/noticia\/75766\/interins-educacio-jutjat-valencia?id_butlleti_enviar=1681&amp;utm_source=butlleti_article&amp;utm_medium=butlleti&amp;utm_campaign=Array\" target=\"_blank\" rel=\"noopener\">[Continueu llegint]<\/a><\/p><\/blockquote>\n","protected":false},"excerpt":{"rendered":"<p>La igualtat de tracte dels funcionaris interins \u00e9s una lluita de llarg recorregut que va avan\u00e7ant lentament. Com a marc m\u00e9s general hi ha la directiva 1999\/70\/CE del Consell de la Uni\u00f3 Europea que establix que no poden discriminats pel tipus de contracte. I pel cant\u00f3 dels deures, tampoc no poden ser discriminats (ni privilegiats). [&hellip;]<\/p>\n","protected":false},"author":56,"featured_media":0,"comment_status":"open","ping_status":"open","sticky":false,"template":"","format":"standard","meta":{"footnotes":""},"categories":[4,45,19,24],"tags":[164,266,435],"class_list":["post-3152","post","type-post","status-publish","format-standard","hentry","category-dret","category-ensenyament","category-politica","category-requisit-linguistic","tag-educacio","tag-jutjats","tag-sentencies"],"_links":{"self":[{"href":"https:\/\/www.cdlpv.org\/dtl\/wp-json\/wp\/v2\/posts\/3152","targetHints":{"allow":["GET"]}}],"collection":[{"href":"https:\/\/www.cdlpv.org\/dtl\/wp-json\/wp\/v2\/posts"}],"about":[{"href":"https:\/\/www.cdlpv.org\/dtl\/wp-json\/wp\/v2\/types\/post"}],"author":[{"embeddable":true,"href":"https:\/\/www.cdlpv.org\/dtl\/wp-json\/wp\/v2\/users\/56"}],"replies":[{"embeddable":true,"href":"https:\/\/www.cdlpv.org\/dtl\/wp-json\/wp\/v2\/comments?post=3152"}],"version-history":[{"count":3,"href":"https:\/\/www.cdlpv.org\/dtl\/wp-json\/wp\/v2\/posts\/3152\/revisions"}],"predecessor-version":[{"id":3155,"href":"https:\/\/www.cdlpv.org\/dtl\/wp-json\/wp\/v2\/posts\/3152\/revisions\/3155"}],"wp:attachment":[{"href":"https:\/\/www.cdlpv.org\/dtl\/wp-json\/wp\/v2\/media?parent=3152"}],"wp:term":[{"taxonomy":"category","embeddable":true,"href":"https:\/\/www.cdlpv.org\/dtl\/wp-json\/wp\/v2\/categories?post=3152"},{"taxonomy":"post_tag","embeddable":true,"href":"https:\/\/www.cdlpv.org\/dtl\/wp-json\/wp\/v2\/tags?post=3152"}],"curies":[{"name":"wp","href":"https:\/\/api.w.org\/{rel}","templated":true}]}}