{"id":3141,"date":"2017-08-17T15:30:29","date_gmt":"2017-08-17T14:30:29","guid":{"rendered":"http:\/\/www.cdlpv.org\/dtl\/?p=3141"},"modified":"2017-08-17T12:48:03","modified_gmt":"2017-08-17T11:48:03","slug":"la-televisio-publica-estatal-espanyola-no-invertix-en-el-valencia","status":"publish","type":"post","link":"https:\/\/www.cdlpv.org\/dtl\/2017\/08\/17\/la-televisio-publica-estatal-espanyola-no-invertix-en-el-valencia\/","title":{"rendered":"La televisi\u00f3 p\u00fablica estatal espanyola no invertix en el valenci\u00e0"},"content":{"rendered":"<p>El Pa\u00eds Valenci\u00e0 continua pr\u00e0cticament sense mitjans audiovisuals d&#8217;abast general en valenci\u00e0 i, a m\u00e9s, com quasi sempre des de l&#8217;inici de la democr\u00e0cia, amb els poders i els mitjans p\u00fablics estatals actuant contra la diversitat ling\u00fc\u00edstica. Segons la not\u00edcia de Sixto Ferrero (La Veu del Pa\u00eds Valenci\u00e0, <a href=\"https:\/\/www.diarilaveu.com\/noticia\/75774\/inversio-rtve-cinema-valencia?id_butlleti_enviar=1681&amp;utm_source=butlleti_article&amp;utm_medium=butlleti&amp;utm_campaign=Array\" target=\"_blank\" rel=\"noopener\">10.08.2017<\/a>)<\/p>\n<blockquote>\n<h2>RTVE ha invertit zero euros en cinema en valenci\u00e0 en els \u00faltims tres anys<\/h2>\n<h3>La corporaci\u00f3 de la televisi\u00f3 p\u00fablica espanyola afirma que la major part dels recursos la destina a la producci\u00f3 de les desconnexions territorials<\/h3>\n<p>La inversi\u00f3 de Radio Televisi\u00f3 Espanyola (RTVE) en cinema en valenci\u00e0 dels \u00faltims tres anys es redueix a zero euros. Aix\u00ed consta en la resposta que va donar la Corporaci\u00f3 de RTVE, el passat mes de juliol, a una pregunta parlament\u00e0ria feta pel senador d&#8217;EH Bildu, del Grup Mixt, Jon I\u00f1arritu. <a href=\"https:\/\/www.diarilaveu.com\/noticia\/75774\/inversio-rtve-cinema-valencia?id_butlleti_enviar=1681&#038;utm_source=butlleti_article&#038;utm_medium=butlleti&#038;utm_campaign=Array\" target=\"_blank\">[Continueu llegint]<\/a><\/p><\/blockquote>\n","protected":false},"excerpt":{"rendered":"<p>El Pa\u00eds Valenci\u00e0 continua pr\u00e0cticament sense mitjans audiovisuals d&#8217;abast general en valenci\u00e0 i, a m\u00e9s, com quasi sempre des de l&#8217;inici de la democr\u00e0cia, amb els poders i els mitjans p\u00fablics estatals actuant contra la diversitat ling\u00fc\u00edstica. Segons la not\u00edcia de Sixto Ferrero (La Veu del Pa\u00eds Valenci\u00e0, 10.08.2017) RTVE ha invertit zero euros en [&hellip;]<\/p>\n","protected":false},"author":56,"featured_media":0,"comment_status":"open","ping_status":"open","sticky":false,"template":"","format":"standard","meta":{"footnotes":""},"categories":[2,19,27],"tags":[313],"class_list":["post-3141","post","type-post","status-publish","format-standard","hentry","category-comunicacio","category-politica","category-sociolinguistica","tag-mitjans-de-comunicacio"],"_links":{"self":[{"href":"https:\/\/www.cdlpv.org\/dtl\/wp-json\/wp\/v2\/posts\/3141","targetHints":{"allow":["GET"]}}],"collection":[{"href":"https:\/\/www.cdlpv.org\/dtl\/wp-json\/wp\/v2\/posts"}],"about":[{"href":"https:\/\/www.cdlpv.org\/dtl\/wp-json\/wp\/v2\/types\/post"}],"author":[{"embeddable":true,"href":"https:\/\/www.cdlpv.org\/dtl\/wp-json\/wp\/v2\/users\/56"}],"replies":[{"embeddable":true,"href":"https:\/\/www.cdlpv.org\/dtl\/wp-json\/wp\/v2\/comments?post=3141"}],"version-history":[{"count":10,"href":"https:\/\/www.cdlpv.org\/dtl\/wp-json\/wp\/v2\/posts\/3141\/revisions"}],"predecessor-version":[{"id":3151,"href":"https:\/\/www.cdlpv.org\/dtl\/wp-json\/wp\/v2\/posts\/3141\/revisions\/3151"}],"wp:attachment":[{"href":"https:\/\/www.cdlpv.org\/dtl\/wp-json\/wp\/v2\/media?parent=3141"}],"wp:term":[{"taxonomy":"category","embeddable":true,"href":"https:\/\/www.cdlpv.org\/dtl\/wp-json\/wp\/v2\/categories?post=3141"},{"taxonomy":"post_tag","embeddable":true,"href":"https:\/\/www.cdlpv.org\/dtl\/wp-json\/wp\/v2\/tags?post=3141"}],"curies":[{"name":"wp","href":"https:\/\/api.w.org\/{rel}","templated":true}]}}