{"id":314,"date":"2008-02-16T19:31:36","date_gmt":"2008-02-16T18:31:36","guid":{"rendered":"http:\/\/www.cdlpv.org\/dtl\/?p=314"},"modified":"2008-02-16T19:31:36","modified_gmt":"2008-02-16T18:31:36","slug":"els-parlars-balearics","status":"publish","type":"post","link":"https:\/\/www.cdlpv.org\/dtl\/2008\/02\/16\/els-parlars-balearics\/","title":{"rendered":"Els parlars bale\u00e0rics"},"content":{"rendered":"<p>Xavier Rull informa a trav\u00e9s d&#8217;<a href=\"http:\/\/listserv.rediris.es\/archives\/infozefir.html\" target=\"_blank\">InfoZ\u00e8fir<\/a> de l&#8217;acte seg\u00fcent:<\/p>\n<blockquote>\n<h2>Xarrada sobre la caracteritzaci\u00f3 dels parlars bale\u00e0rics<\/h2>\n<h3>A c\u00e0rrec del doctor Jaume Corbera (Univ. de les Illes Balears)<\/h3>\n<p>Presenta l&#8217;acte Emili Casanova (Univ. de Val\u00e8ncia)<\/p>\n<p><strong>Dia:<\/strong> Dilluns, 18 de febrer de 2008<br \/>\n<strong>Hora:<\/strong> 17 h<br \/>\n<strong>Lloc:<\/strong> Aula S-04, Departament de Filologia Catalana, Facultat de Lletres<br \/>\n(Universitat de Val\u00e8ncia). Av. Blasco Ib\u00e1\u00f1ez, 32, Val\u00e8ncia.<\/p><\/blockquote>\n","protected":false},"excerpt":{"rendered":"<p>Xavier Rull informa a trav\u00e9s d&#8217;InfoZ\u00e8fir de l&#8217;acte seg\u00fcent: Xarrada sobre la caracteritzaci\u00f3 dels parlars bale\u00e0rics A c\u00e0rrec del doctor Jaume Corbera (Univ. de les Illes Balears) Presenta l&#8217;acte Emili Casanova (Univ. de Val\u00e8ncia) Dia: Dilluns, 18 de febrer de 2008 Hora: 17 h Lloc: Aula S-04, Departament de Filologia Catalana, Facultat de Lletres (Universitat [&hellip;]<\/p>\n","protected":false},"author":2,"featured_media":0,"comment_status":"open","ping_status":"open","sticky":false,"template":"","format":"standard","meta":{"footnotes":""},"categories":[10,1],"tags":[142],"class_list":["post-314","post","type-post","status-publish","format-standard","hentry","category-formacio","category-general","tag-dialectologia"],"_links":{"self":[{"href":"https:\/\/www.cdlpv.org\/dtl\/wp-json\/wp\/v2\/posts\/314","targetHints":{"allow":["GET"]}}],"collection":[{"href":"https:\/\/www.cdlpv.org\/dtl\/wp-json\/wp\/v2\/posts"}],"about":[{"href":"https:\/\/www.cdlpv.org\/dtl\/wp-json\/wp\/v2\/types\/post"}],"author":[{"embeddable":true,"href":"https:\/\/www.cdlpv.org\/dtl\/wp-json\/wp\/v2\/users\/2"}],"replies":[{"embeddable":true,"href":"https:\/\/www.cdlpv.org\/dtl\/wp-json\/wp\/v2\/comments?post=314"}],"version-history":[{"count":0,"href":"https:\/\/www.cdlpv.org\/dtl\/wp-json\/wp\/v2\/posts\/314\/revisions"}],"wp:attachment":[{"href":"https:\/\/www.cdlpv.org\/dtl\/wp-json\/wp\/v2\/media?parent=314"}],"wp:term":[{"taxonomy":"category","embeddable":true,"href":"https:\/\/www.cdlpv.org\/dtl\/wp-json\/wp\/v2\/categories?post=314"},{"taxonomy":"post_tag","embeddable":true,"href":"https:\/\/www.cdlpv.org\/dtl\/wp-json\/wp\/v2\/tags?post=314"}],"curies":[{"name":"wp","href":"https:\/\/api.w.org\/{rel}","templated":true}]}}