{"id":3137,"date":"2017-07-18T16:00:46","date_gmt":"2017-07-18T15:00:46","guid":{"rendered":"http:\/\/www.cdlpv.org\/dtl\/?p=3137"},"modified":"2017-07-18T13:23:26","modified_gmt":"2017-07-18T12:23:26","slug":"la-poca-aplicacio-de-la-carta-europea-de-les-llengues-en-espanya","status":"publish","type":"post","link":"https:\/\/www.cdlpv.org\/dtl\/2017\/07\/18\/la-poca-aplicacio-de-la-carta-europea-de-les-llengues-en-espanya\/","title":{"rendered":"La poca aplicaci\u00f3 de la Carta europea de les lleng\u00fces en Espanya"},"content":{"rendered":"<p>La Direcci\u00f3 General de Pol\u00edtica Ling\u00fc\u00edstica de la Generalitat de Catalunya ha fet p\u00fablic el cinqu\u00e9 informe (veg. <a href=\"http:\/\/llengua.gencat.cat\/web\/.content\/documents\/legislacio\/recull_de_normativa\/altres\/arxius\/Celrom_2013_2016.pdf\" target=\"_blank\" rel=\"noopener\">PDF<\/a>)\u00a0sobre el compliment a l&#8217;estat espanyol de la Carta europea de les lleng\u00fces regionals o minorit\u00e0ries. Segons la nota feta p\u00fablica en el butllet\u00ed <em>Tocs de Llengua<\/em> (<a href=\"http:\/\/llengua.gencat.cat\/ca\/serveis\/informacio_i_difusio\/publicacions_en_linia\/tocs_de_llengua\/any-2017-tocs-de-llengua\/tocs-107\/\" target=\"_blank\" rel=\"noopener\">n\u00famero 107<\/a>):<\/p>\n<blockquote><p>Tot i que l&#8217;Estat espanyol va subscriure la Carta europea l&#8217;any 1992 i la va ratificar el 2001, en aquests anys no ha portat a terme accions significatives per garantir-ne l&#8217;acompliment, com han anat reflectint en els diversos informes emesos les indicacions del Comit\u00e8 d&#8217;Experts i els acords successius del Comit\u00e8 de Ministres del Consell d&#8217;Europa.<\/p>\n<p>L&#8217;informe elaborat per la Direcci\u00f3 General de Pol\u00edtica Ling\u00fc\u00edstica de la Generalitat de Catalunya ha estat tram\u00e8s al Ministeri de la Presid\u00e8ncia i per a les Administracions Territorials del Govern d&#8217;Espanya, organisme responsable d&#8217;elaborar un informe \u00fanic per al conjunt de l&#8217;Estat d&#8217;acord amb el que preveu l&#8217;article 15 de la Carta. Aix\u00ed mateix ser\u00e0 tram\u00e8s al Consell d&#8217;Europa de manera simult\u00e0nia a la tramesa que els governs valenci\u00e0 i balear faran dels informes que han elaborat les direccions generals de Pol\u00edtica Ling\u00fc\u00edstica respectives.<\/p><\/blockquote>\n","protected":false},"excerpt":{"rendered":"<p>La Direcci\u00f3 General de Pol\u00edtica Ling\u00fc\u00edstica de la Generalitat de Catalunya ha fet p\u00fablic el cinqu\u00e9 informe (veg. PDF)\u00a0sobre el compliment a l&#8217;estat espanyol de la Carta europea de les lleng\u00fces regionals o minorit\u00e0ries. Segons la nota feta p\u00fablica en el butllet\u00ed Tocs de Llengua (n\u00famero 107): Tot i que l&#8217;Estat espanyol va subscriure la [&hellip;]<\/p>\n","protected":false},"author":56,"featured_media":0,"comment_status":"open","ping_status":"open","sticky":false,"template":"","format":"standard","meta":{"footnotes":""},"categories":[4,19,23,27,35],"tags":[90,223],"class_list":["post-3137","post","type-post","status-publish","format-standard","hentry","category-dret","category-politica","category-reglaments-linguistics","category-sociolinguistica","category-unio-europea","tag-carta-europea","tag-generalitat-de-catalunya"],"_links":{"self":[{"href":"https:\/\/www.cdlpv.org\/dtl\/wp-json\/wp\/v2\/posts\/3137","targetHints":{"allow":["GET"]}}],"collection":[{"href":"https:\/\/www.cdlpv.org\/dtl\/wp-json\/wp\/v2\/posts"}],"about":[{"href":"https:\/\/www.cdlpv.org\/dtl\/wp-json\/wp\/v2\/types\/post"}],"author":[{"embeddable":true,"href":"https:\/\/www.cdlpv.org\/dtl\/wp-json\/wp\/v2\/users\/56"}],"replies":[{"embeddable":true,"href":"https:\/\/www.cdlpv.org\/dtl\/wp-json\/wp\/v2\/comments?post=3137"}],"version-history":[{"count":1,"href":"https:\/\/www.cdlpv.org\/dtl\/wp-json\/wp\/v2\/posts\/3137\/revisions"}],"predecessor-version":[{"id":3138,"href":"https:\/\/www.cdlpv.org\/dtl\/wp-json\/wp\/v2\/posts\/3137\/revisions\/3138"}],"wp:attachment":[{"href":"https:\/\/www.cdlpv.org\/dtl\/wp-json\/wp\/v2\/media?parent=3137"}],"wp:term":[{"taxonomy":"category","embeddable":true,"href":"https:\/\/www.cdlpv.org\/dtl\/wp-json\/wp\/v2\/categories?post=3137"},{"taxonomy":"post_tag","embeddable":true,"href":"https:\/\/www.cdlpv.org\/dtl\/wp-json\/wp\/v2\/tags?post=3137"}],"curies":[{"name":"wp","href":"https:\/\/api.w.org\/{rel}","templated":true}]}}