{"id":312,"date":"2008-02-14T14:13:18","date_gmt":"2008-02-14T13:13:18","guid":{"rendered":"http:\/\/www.cdlpv.org\/dtl\/?p=312"},"modified":"2008-02-14T14:13:18","modified_gmt":"2008-02-14T13:13:18","slug":"naixer-a-lestranger","status":"publish","type":"post","link":"https:\/\/www.cdlpv.org\/dtl\/2008\/02\/14\/naixer-a-lestranger\/","title":{"rendered":"N\u00e0ixer a l\u2019estranger"},"content":{"rendered":"<p>El diari Avui <a href=\"http:\/\/paper.avui.cat\/article\/societat\/114796\/dalumnes\/catala\/son\/nascuts\/lestranger.html\" target=\"_blank\">(07.02.2008)<\/a> publicava la not\u00edcia seg\u00fcent:<\/p>\n<blockquote>\n<h2>El 84% d&#8217;alumnes de catal\u00e0 s\u00f3n nascuts a l&#8217;estranger<\/h2>\n<h5>Redacci\u00f3<\/h5>\n<p>Vuit de cada deu alumnes que van participar l&#8217;any passat en cursos de llengua catalana al Centre de Normalitzaci\u00f3 Ling\u00fc\u00edstica de Barcelona eren nascuts a l&#8217;estranger, concretament el 84,6%, segons la mem\u00f2ria d&#8217;activitats que es va presentar ahir. Pel que fa a or\u00edgens, els m\u00e9s nombrosos s\u00f3n els sud-americans, que van ser 9.942; seguits dels centreamericans, amb 1.568, i els nascuts a \u00c0sia i Oceania, amb 1.116. Un element destacat de la mem\u00f2ria \u00e9s que han baixat un 15% els alumnes provinents de la resta de l&#8217;Estat, que van ser 2.834.<\/p>\n<p>Les inscripcions en els tres nivells b\u00e0sics (B1, B2 i B3) s&#8217;han gaireb\u00e9 duplicat en tres anys: dels 10.605 del 2004 a 20.038 el 2007.<\/p>\n<p>Una de les novetats iniciades a l&#8217;octubre s\u00f3n cursos de catal\u00e0 per a la comunitat xinesa: un d&#8217;inicial i dos m\u00e9s per als empleats en comer\u00e7os i restaurants. S&#8217;hi han inscrit 52 alumnes.<\/p><\/blockquote>\n<p>Eixe \u00e8xit \u00e9s el que deu moure Esperanza Aguirre, que ha decidit que hi haja un centre a Madrid on s&#8217;impartixca l&#8217;ensenyament en catal\u00e0, tal com es fa en altres centres privats en angl\u00e9s, alemany i franc\u00e9s. Una iniciativa que potser haur\u00e0 d&#8217;ampliar a causa de la demanda, certament. I floriran les flors&#8230;<\/p>\n<p>De fet, podem suposar que a partir d&#8217;ara Telemadrid emetr\u00e0 en catal\u00e0, es doblaran les pel\u00b7l\u00edcules al catal\u00e0, s&#8217;etiquetar\u00e0 en catal\u00e0, els funcionaris atendran en catal\u00e0, etc. Com a conseq\u00fc\u00e8ncia l\u00f2gica en eixa mateixa l\u00ednia, si Rajoy guanyara les eleccions generals espanyoles, a pesar del que ha dit en la campanya i despr\u00e9s de rebatejar-se Mari\u00e0, faria tot el possible per a canviar la Constituci\u00f3 espanyola i consignar-hi el deure de con\u00e9ixer el catal\u00e0 i per canviar tota la legislaci\u00f3 que fins ara impedix l&#8217;\u00fas del catal\u00e0 en qualsevol \u00e0mbit a tot l&#8217;estat.<\/p>\n<p>Sense dubte, eixe era un dels problemes m\u00e9s greus que tenien els ciutadans madrilenys, el seu monoling\u00fcisme castell\u00e0. En suma, un petit peda\u00e7 per a un mal que requeriria m\u00e9s mesures com la immersi\u00f3 ling\u00fc\u00edstica en catal\u00e0 en tots els centres de Madrid, si no volen que el col\u00b7lege de Tarradellas siga un gueto. A Madrid, al cap i a la fi, el castell\u00e0 s&#8217;apr\u00e9n a casa, al carrer, amb els amics, amb les televisions privades&#8230; tant o m\u00e9s que a Catalunya.<\/p>\n<p>Per cert, al Pa\u00eds Valenci\u00e0 ho fem d&#8217;una altra manera: hem aconseguit que <em>nom\u00e9s<\/em> un 75% dels escolars tinguen la possibilitat de ser analfabets funcionals en catal\u00e0. Ara b\u00e9, per a eixe \u00e8xit cal la col\u00b7laboraci\u00f3 permanent de pol\u00edtics, funcionaris, jutges, advocats i gu\u00e0rdies civils i arquebisbes.<\/p>\n","protected":false},"excerpt":{"rendered":"<p>El diari Avui (07.02.2008) publicava la not\u00edcia seg\u00fcent: El 84% d&#8217;alumnes de catal\u00e0 s\u00f3n nascuts a l&#8217;estranger Redacci\u00f3 Vuit de cada deu alumnes que van participar l&#8217;any passat en cursos de llengua catalana al Centre de Normalitzaci\u00f3 Ling\u00fc\u00edstica de Barcelona eren nascuts a l&#8217;estranger, concretament el 84,6%, segons la mem\u00f2ria d&#8217;activitats que es va presentar [&hellip;]<\/p>\n","protected":false},"author":2,"featured_media":0,"comment_status":"open","ping_status":"open","sticky":false,"template":"","format":"standard","meta":{"footnotes":""},"categories":[36,45,1,47,19,27],"tags":[138,168,170,295],"class_list":["post-312","post","type-post","status-publish","format-standard","hentry","category-allofobia","category-ensenyament","category-general","category-planificacio","category-politica","category-sociolinguistica","tag-demagogia","tag-eleccions","tag-electoralisme","tag-madrid"],"_links":{"self":[{"href":"https:\/\/www.cdlpv.org\/dtl\/wp-json\/wp\/v2\/posts\/312","targetHints":{"allow":["GET"]}}],"collection":[{"href":"https:\/\/www.cdlpv.org\/dtl\/wp-json\/wp\/v2\/posts"}],"about":[{"href":"https:\/\/www.cdlpv.org\/dtl\/wp-json\/wp\/v2\/types\/post"}],"author":[{"embeddable":true,"href":"https:\/\/www.cdlpv.org\/dtl\/wp-json\/wp\/v2\/users\/2"}],"replies":[{"embeddable":true,"href":"https:\/\/www.cdlpv.org\/dtl\/wp-json\/wp\/v2\/comments?post=312"}],"version-history":[{"count":0,"href":"https:\/\/www.cdlpv.org\/dtl\/wp-json\/wp\/v2\/posts\/312\/revisions"}],"wp:attachment":[{"href":"https:\/\/www.cdlpv.org\/dtl\/wp-json\/wp\/v2\/media?parent=312"}],"wp:term":[{"taxonomy":"category","embeddable":true,"href":"https:\/\/www.cdlpv.org\/dtl\/wp-json\/wp\/v2\/categories?post=312"},{"taxonomy":"post_tag","embeddable":true,"href":"https:\/\/www.cdlpv.org\/dtl\/wp-json\/wp\/v2\/tags?post=312"}],"curies":[{"name":"wp","href":"https:\/\/api.w.org\/{rel}","templated":true}]}}