{"id":310,"date":"2008-02-13T14:45:23","date_gmt":"2008-02-13T13:45:23","guid":{"rendered":"http:\/\/www.cdlpv.org\/dtl\/?p=310"},"modified":"2008-02-13T14:45:23","modified_gmt":"2008-02-13T13:45:23","slug":"tilc-tractament-integrat-de-llengues-i-continguts","status":"publish","type":"post","link":"https:\/\/www.cdlpv.org\/dtl\/2008\/02\/13\/tilc-tractament-integrat-de-llengues-i-continguts\/","title":{"rendered":"TILC: tractament integrat de lleng\u00fces i continguts"},"content":{"rendered":"<p><a href='http:\/\/www.cdlpv.org\/dtl\/wp-content\/tilc.jpg' title='Tractament integrat de lleng\u00fces i continguts'><img src='http:\/\/www.cdlpv.org\/dtl\/wp-content\/tilc.thumbnail.jpg' alt='Tractament integrat de lleng\u00fces i continguts' align=\"right\" \/><\/a><\/p>\n<p>Josep V. Forcadell ens proposa la confer\u00e8ncia seg\u00fcent:<\/p>\n<blockquote>\n<h2>\u00bfQuin \u00e9s l&#8217;ensenyament en valenci\u00e0 que ens cal al segle <spanc class=\"versaleta\">xxi<\/span>?<\/h2>\n<p><b>Conferenciant:<\/b> Vicent Brotons, director de la Unitat per a l&#8217;Educaci\u00f3 Multiling\u00fce de la Universitat d&#8217;Alacant<br \/>\nHi intervindran tamb\u00e9: No\u00e8lia Camps (regidora de Muro), M. Josep Frau (Universitat d&#8217;Alacant) i Rafael Climent (alcalde de Muro)<\/p>\n<p>Es tracta de la confer\u00e8ncia de presentaci\u00f3 del seminari \u00abElaboraci\u00f3, an\u00e0lisi i experimentaci\u00f3 de materials did\u00e0ctics amb un tractament integrat de lleng\u00fces i continguts <span class=\"versaleta\">(tilc)<\/span>\u00bb, dirigit per Vicent Pascual.<\/p>\n<p>Data: 14 de febrer del 2008<br \/>\nHora: 19:00<br \/>\nLloc: CS Matzem, pl. Matzem, 5 &#8211; Muro (Comtat)\n<\/p><\/blockquote>\n","protected":false},"excerpt":{"rendered":"<p>Josep V. Forcadell ens proposa la confer\u00e8ncia seg\u00fcent: \u00bfQuin \u00e9s l&#8217;ensenyament en valenci\u00e0 que ens cal al segle xxi? Conferenciant: Vicent Brotons, director de la Unitat per a l&#8217;Educaci\u00f3 Multiling\u00fce de la Universitat d&#8217;Alacant Hi intervindran tamb\u00e9: No\u00e8lia Camps (regidora de Muro), M. Josep Frau (Universitat d&#8217;Alacant) i Rafael Climent (alcalde de Muro) Es tracta [&hellip;]<\/p>\n","protected":false},"author":2,"featured_media":0,"comment_status":"open","ping_status":"open","sticky":false,"template":"","format":"standard","meta":{"footnotes":""},"categories":[45,10,1],"tags":[287,323,474,510,511],"class_list":["post-310","post","type-post","status-publish","format-standard","hentry","category-ensenyament","category-formacio","category-general","tag-llengues","tag-muro","tag-tilc","tag-vicent-brotons","tag-vicent-pascual"],"_links":{"self":[{"href":"https:\/\/www.cdlpv.org\/dtl\/wp-json\/wp\/v2\/posts\/310","targetHints":{"allow":["GET"]}}],"collection":[{"href":"https:\/\/www.cdlpv.org\/dtl\/wp-json\/wp\/v2\/posts"}],"about":[{"href":"https:\/\/www.cdlpv.org\/dtl\/wp-json\/wp\/v2\/types\/post"}],"author":[{"embeddable":true,"href":"https:\/\/www.cdlpv.org\/dtl\/wp-json\/wp\/v2\/users\/2"}],"replies":[{"embeddable":true,"href":"https:\/\/www.cdlpv.org\/dtl\/wp-json\/wp\/v2\/comments?post=310"}],"version-history":[{"count":0,"href":"https:\/\/www.cdlpv.org\/dtl\/wp-json\/wp\/v2\/posts\/310\/revisions"}],"wp:attachment":[{"href":"https:\/\/www.cdlpv.org\/dtl\/wp-json\/wp\/v2\/media?parent=310"}],"wp:term":[{"taxonomy":"category","embeddable":true,"href":"https:\/\/www.cdlpv.org\/dtl\/wp-json\/wp\/v2\/categories?post=310"},{"taxonomy":"post_tag","embeddable":true,"href":"https:\/\/www.cdlpv.org\/dtl\/wp-json\/wp\/v2\/tags?post=310"}],"curies":[{"name":"wp","href":"https:\/\/api.w.org\/{rel}","templated":true}]}}