{"id":31,"date":"2007-01-15T15:19:24","date_gmt":"2007-01-15T13:19:24","guid":{"rendered":"http:\/\/www.cdlpv.org\/dtl\/?p=31"},"modified":"2007-01-15T15:19:24","modified_gmt":"2007-01-15T13:19:24","slug":"premi-per-al-curs-de-valencia-en-linia","status":"publish","type":"post","link":"https:\/\/www.cdlpv.org\/dtl\/2007\/01\/15\/premi-per-al-curs-de-valencia-en-linia\/","title":{"rendered":"Premi per al Curs de valenci\u00e0 en l\u00ednia"},"content":{"rendered":"<p>L&#8217;activitat professional dels t\u00e8cnics i t\u00e8cniques ling\u00fc\u00edstics no sol ser massa premiada ni publicitada \u2014en el millor dels casos\u2014, aix\u00ed que una vegada que hi ha una faena que ha rebut un premi, conv\u00e9 destacar-ho. Les an\u00e0lisis sobre altes \u00abactivitats\u00bb de la Diputaci\u00f3 de Val\u00e8ncia caldr\u00e0, per tant, vore-les des d&#8217;una perspectiva m\u00e9s ampla. Podem pensar que una instituci\u00f3 no hauria de veure enfosquit el treball dels seus professionals p\u00fablics, que treballen per a tota la ciutadania, a causa d&#8217;una gesti\u00f3 pol\u00edtica m\u00e9s o menys cridanera, com \u00e9s el cas de les declaracions o d&#8217;alguns escrits del president d&#8217;una diputaci\u00f3, que treballa d&#8217;una altra manera i amb uns altres interessos m\u00e9s particulars.<\/p>\n<p>Enhorabona, doncs, a tots els companys i companyes que han col\u00b7laborat en l&#8217;elaboraci\u00f3 dels <em>Curs de Valenci\u00e0 en l\u00ednia<\/em>.<\/p>\n<blockquote>\n<p><h2>El Govern espanyol premia el <em>Curs de valenci\u00e0 en l\u00ednia<\/em> de la Diputaci\u00f3 de Val\u00e8ncia<\/h2>\n<\/p>\n<p>10\/01\/2007 17:40<\/p>\n<p>VAL\u00c8NCIA, 10 (EUROPA PRESS)<\/p>\n<p>El Govern espanyol, a trav\u00e9s de l&#8217;Institut Nacional d&#8217;Administracions P\u00fabliques (INAP), ha premiat el <em>Curs de valenci\u00e0 en l\u00ednia<\/em> de la Diputaci\u00f3 de Val\u00e8ncia, en els Premis a la Qualitat de Materials Did\u00e0ctics, segons ha informat la corporaci\u00f3 provincial en un comunicat.<\/p>\n<p>El diputat de Cultura de la Diputaci\u00f3 de Val\u00e8ncia, Vicente Ferrer, ha mostrat la seua satisfacci\u00f3 perqu\u00e8 \u00abeste premi reconeix l&#8217;excel\u00b7lent treball desenvolupat pels t\u00e8cnics de la instituci\u00f3 per oferir una iniciativa pionera de formaci\u00f3, atendre un dret dels treballadors i complir aix\u00ed la nostra obligaci\u00f3 com a representants de la gesti\u00f3 p\u00fablica\u00bb. <\/p>\n<p>La Diputaci\u00f3 de Val\u00e8ncia, a trav\u00e9s del Servici de Formaci\u00f3, va conc\u00f3rrer a la quarta edici\u00f3 dels Premis a la Qualitat de l&#8217;INAP, on va obtindre l&#8217;acc\u00e8ssit en la modalitat de materials en l\u00ednia amb el <em>Curs de valenci\u00e0 mitj\u00e0 en l\u00edniaz<\/em>.<\/p>\n<p>El <em>Curs de valenci\u00e0 en l\u00ednia<\/em> forma part del Pla de Formaci\u00f3 Cont\u00ednua de la Diputaci\u00f3 de Val\u00e8ncia i es presenta dins el seu Campus Virtual. Segons la corporaci\u00f3, en vista de l&#8217;abs\u00e8ncia en el mercat d&#8217;un producte est\u00e0ndard que permetera cobrir les necessitats formatives en la mat\u00e8ria, les \u00c0rees de Personal (Servici de Formaci\u00f3) i de Cultura (Unitat de Normalitzaci\u00f3 Ling\u00fc\u00edstica), \u00abvan emprendre este projecte, i van assumir el disseny pedag\u00f2gic i de continguts, alhora que encarregaven un disseny t\u00e8cnic a mida del curs a l&#8217;empresa Sistemas Avanzados de Tecnolog\u00eda (Satec)\u00bb. <\/p>\n<p>A m\u00e9s, s&#8217;ha comptat amb la col\u00b7laboraci\u00f3 de l&#8217;Acad\u00e8mia Valenciana de la Llengua (AVL). Aix\u00ed, coordinat per la Unitat de Normalitzaci\u00f3 Ling\u00fc\u00edstica amb la col\u00b7laboraci\u00f3 de l&#8217;entitat normativa, a trav\u00e9s de la Secci\u00f3 d&#8217;Assessorament, el curs \u00abinvertix l&#8217;ensenyament lectiu habitual i canvia les aules i els professors per tutors i contrasenyes perqu\u00e8 els alumnes accedisquen als continguts\u00bb.<\/p>\n<p><strong>SISTEMA FORMATIU &#8220;M\u00c9S FLEXIBLE&#8221;<\/strong><\/p>\n<p>L&#8217;objectiu de la proposta pedag\u00f2gica premiada pel Govern espanyol \u00e9s formar en valenci\u00e0 els treballadors de les administracions p\u00fabliques municipals, a trav\u00e9s del Pla de Formaci\u00f3 Cont\u00ednua de la Diputaci\u00f3 de Val\u00e8ncia, \u00abmitjan\u00e7ant un curs semipresencial, tutoritzat a trav\u00e9s de les noves tecnologies, proposant un sistema formatiu m\u00e9s accessible i adaptable a les necessitats de cada usuari\u00bb.<\/p>\n<p>Ferrer ha explicat que en vista de \u00abla dificultat d&#8217;organitzar accions formatives presencials, que exigixen un horari preestablit m\u00e9s rigor\u00f3s, la Diputaci\u00f3 de Val\u00e8ncia ha plantejat una alternativa al treballador, un curs amb m\u00e9s del 75 per cent de la formaci\u00f3 en l\u00ednia, un total de 45 hores, a trav\u00e9s d&#8217;Internet, i m\u00e9s de 12 hores de conversa distribu\u00efdes en quatre sessions presencials a la Diputaci\u00f3 de Val\u00e8ncia\u00bb.<\/p>\n<p>El <em>Curs de valenci\u00e0 mitj\u00e0 en l\u00ednia<\/em> \u00e9s gratu\u00eft i est\u00e0 destinat a tots els treballadors municipals de l&#8217;administraci\u00f3 p\u00fablica de la prov\u00edncia de Val\u00e8ncia. Esta proposta pedag\u00f2gica permet que els alumnes obtinguen un \u00abnivell \u00f2ptim per a superar sense dificultat les proves de nivell mitj\u00e0 de la Junta Qualificadora de Coneixements de Valenci\u00e0\u00bb.<\/p>\n<p>La Unitat de Normalitzaci\u00f3 Ling\u00fc\u00edstica de la Diputaci\u00f3 de Val\u00e8ncia ha creat tots els materials del curs, que v\u00e9nen implementats amb tecnologia multim\u00e8dia per a oferir a l&#8217;alumne una \u00e0mplia varietat d&#8217;unitats d&#8217;\u00e0udio i v\u00eddeo que facilitaran l&#8217;aprenentatge. La tecnologia refor\u00e7a la din\u00e0mica de les unitats pedag\u00f2giques amb multitud de pr\u00e0ctiques autocorregibles que permeten a l&#8217;alumne fer un seguiment de les unitats apreses, segons han explicat.<\/p>\n<p>A m\u00e9s, el sistema de tutories permet que l&#8217;alumne marque el seu propi ritme d&#8217;aprenentatge, que \u00e9s seguit pels tutors assignats, els quals estaran pendents dels avan\u00e7os i progressos per a \u00abajudar, animar i resoldre dubtes de l&#8217;alumnat\u00bb.<\/p>\n<p>El curs ha estat complementat amb m\u00e9s de 300 paraules locutades, il\u00b7lustracions animades, esquemes interactius, un glossari de tecnicismes i textos d&#8217;autors valencians contemporanis, tamb\u00e9 locutats, com \u00e9s el cas d&#8217;Enric Lluch, Josep Lozano, o Marc Granell.<\/p>\n<\/blockquote>\n","protected":false},"excerpt":{"rendered":"<p>L&#8217;activitat professional dels t\u00e8cnics i t\u00e8cniques ling\u00fc\u00edstics no sol ser massa premiada ni publicitada \u2014en el millor dels casos\u2014, aix\u00ed que una vegada que hi ha una faena que ha rebut un premi, conv\u00e9 destacar-ho. Les an\u00e0lisis sobre altes \u00abactivitats\u00bb de la Diputaci\u00f3 de Val\u00e8ncia caldr\u00e0, per tant, vore-les des d&#8217;una perspectiva m\u00e9s ampla. Podem [&hellip;]<\/p>\n","protected":false},"author":2,"featured_media":0,"comment_status":"open","ping_status":"open","sticky":false,"template":"","format":"standard","meta":{"footnotes":""},"categories":[38,1,47,19],"tags":[],"class_list":["post-31","post","type-post","status-publish","format-standard","hentry","category-avl","category-general","category-planificacio","category-politica"],"_links":{"self":[{"href":"https:\/\/www.cdlpv.org\/dtl\/wp-json\/wp\/v2\/posts\/31","targetHints":{"allow":["GET"]}}],"collection":[{"href":"https:\/\/www.cdlpv.org\/dtl\/wp-json\/wp\/v2\/posts"}],"about":[{"href":"https:\/\/www.cdlpv.org\/dtl\/wp-json\/wp\/v2\/types\/post"}],"author":[{"embeddable":true,"href":"https:\/\/www.cdlpv.org\/dtl\/wp-json\/wp\/v2\/users\/2"}],"replies":[{"embeddable":true,"href":"https:\/\/www.cdlpv.org\/dtl\/wp-json\/wp\/v2\/comments?post=31"}],"version-history":[{"count":0,"href":"https:\/\/www.cdlpv.org\/dtl\/wp-json\/wp\/v2\/posts\/31\/revisions"}],"wp:attachment":[{"href":"https:\/\/www.cdlpv.org\/dtl\/wp-json\/wp\/v2\/media?parent=31"}],"wp:term":[{"taxonomy":"category","embeddable":true,"href":"https:\/\/www.cdlpv.org\/dtl\/wp-json\/wp\/v2\/categories?post=31"},{"taxonomy":"post_tag","embeddable":true,"href":"https:\/\/www.cdlpv.org\/dtl\/wp-json\/wp\/v2\/tags?post=31"}],"curies":[{"name":"wp","href":"https:\/\/api.w.org\/{rel}","templated":true}]}}