{"id":3094,"date":"2017-06-26T19:30:07","date_gmt":"2017-06-26T18:30:07","guid":{"rendered":"http:\/\/www.cdlpv.org\/dtl\/?p=3094"},"modified":"2017-06-26T18:08:49","modified_gmt":"2017-06-26T17:08:49","slug":"dos-decrets-sobre-lus-del-valencia-usos-institucionals-i-denominacio-dels-municipis","status":"publish","type":"post","link":"https:\/\/www.cdlpv.org\/dtl\/2017\/06\/26\/dos-decrets-sobre-lus-del-valencia-usos-institucionals-i-denominacio-dels-municipis\/","title":{"rendered":"Dos decrets sobre l&#8217;\u00fas del valenci\u00e0: usos institucionals i denominaci\u00f3 dels municipis"},"content":{"rendered":"<p>Dos novetats legislatives sobre l&#8217;\u00fas de la llengua al Pa\u00eds Valenci\u00e0 s\u00f3n el decret d&#8217;usos institucionals (<a href=\"https:\/\/www.dogv.gva.es\/datos\/2017\/05\/23\/pdf\/2017_4338.pdf\" target=\"_blank\" rel=\"noopener\">D 61\/2017<\/a>) i el nou decret sobre els canvis dels noms oficials dels municipis (<a href=\"http:\/\/www.dogv.gva.es\/datos\/2017\/06\/22\/pdf\/2017_5604.pdf\" target=\"_blank\" rel=\"noopener\">D <\/a><a href=\"http:\/\/www.dogv.gva.es\/datos\/2017\/06\/22\/pdf\/2017_5604.pdf\" target=\"_blank\" rel=\"noopener\">69\/2017<\/a>):<\/p>\n<blockquote><p><a href=\"https:\/\/www.dogv.gva.es\/datos\/2017\/05\/23\/pdf\/2017_4338.pdf\" target=\"_blank\" rel=\"noopener\">Decret 61\/2017<\/a>, de 12 de maig, del Consell, pel qual es regulen els usos institucionals i administratius de les lleng\u00fces oficials en l\u2019Administraci\u00f3 de la Generalitat<\/p>\n<p><a href=\"http:\/\/www.dogv.gva.es\/datos\/2017\/06\/22\/pdf\/2017_5604.pdf\" target=\"_blank\" rel=\"noopener\">Decret 69\/2017<\/a>, de 2 de juny, del Consell, de regulaci\u00f3 dels criteris i procediment per al canvi de denominaci\u00f3 dels municipis i altres entitats locals de la Comunitat Valenciana<\/p><\/blockquote>\n<p>S\u00f3n dos disposicions desigualment importants (la segona no \u00e9s una novetat: actualitza i millora la disposici\u00f3 anterior) i haurem de vore fins a quin punt ajuden a canviar el rumb de m\u00e9s de vint anys fent recular l&#8217;\u00fas de la llengua en quasi tots els \u00e0mbits. D&#8217;entrada, el decret d&#8217;usos institucionals, que no entrar\u00e0 en vigor fins al novembre, ha estat objecte d&#8217;un recurs del sindicat CSIF en contra, per\u00f2 tamb\u00e9 ha rebut el <a href=\"http:\/\/intersindical.org\/llengua\/article\/intersindical_defensa_juridicament_el_decret_dusos_lingueistics\" target=\"_blank\" rel=\"noopener\">suport decidit de la Intersindical Valenciana<\/a>, suport complementari als passos avan\u00e7ats <a href=\"http:\/\/intersindical.org\/noticies_actualitat\/article\/intersindical_valenciana_considera_un_pas_endavant_lacord_sobre_competencia\" target=\"_blank\" rel=\"noopener\">anteriorment<\/a> amb CCOO i UGT.<\/p>\n","protected":false},"excerpt":{"rendered":"<p>Dos novetats legislatives sobre l&#8217;\u00fas de la llengua al Pa\u00eds Valenci\u00e0 s\u00f3n el decret d&#8217;usos institucionals (D 61\/2017) i el nou decret sobre els canvis dels noms oficials dels municipis (D 69\/2017): Decret 61\/2017, de 12 de maig, del Consell, pel qual es regulen els usos institucionals i administratius de les lleng\u00fces oficials en l\u2019Administraci\u00f3 [&hellip;]<\/p>\n","protected":false},"author":56,"featured_media":0,"comment_status":"open","ping_status":"open","sticky":false,"template":"","format":"standard","meta":{"footnotes":""},"categories":[4,19,23,24,32],"tags":[441],"class_list":["post-3094","post","type-post","status-publish","format-standard","hentry","category-dret","category-politica","category-reglaments-linguistics","category-requisit-linguistic","category-toponimia","tag-sindicats"],"_links":{"self":[{"href":"https:\/\/www.cdlpv.org\/dtl\/wp-json\/wp\/v2\/posts\/3094","targetHints":{"allow":["GET"]}}],"collection":[{"href":"https:\/\/www.cdlpv.org\/dtl\/wp-json\/wp\/v2\/posts"}],"about":[{"href":"https:\/\/www.cdlpv.org\/dtl\/wp-json\/wp\/v2\/types\/post"}],"author":[{"embeddable":true,"href":"https:\/\/www.cdlpv.org\/dtl\/wp-json\/wp\/v2\/users\/56"}],"replies":[{"embeddable":true,"href":"https:\/\/www.cdlpv.org\/dtl\/wp-json\/wp\/v2\/comments?post=3094"}],"version-history":[{"count":2,"href":"https:\/\/www.cdlpv.org\/dtl\/wp-json\/wp\/v2\/posts\/3094\/revisions"}],"predecessor-version":[{"id":3096,"href":"https:\/\/www.cdlpv.org\/dtl\/wp-json\/wp\/v2\/posts\/3094\/revisions\/3096"}],"wp:attachment":[{"href":"https:\/\/www.cdlpv.org\/dtl\/wp-json\/wp\/v2\/media?parent=3094"}],"wp:term":[{"taxonomy":"category","embeddable":true,"href":"https:\/\/www.cdlpv.org\/dtl\/wp-json\/wp\/v2\/categories?post=3094"},{"taxonomy":"post_tag","embeddable":true,"href":"https:\/\/www.cdlpv.org\/dtl\/wp-json\/wp\/v2\/tags?post=3094"}],"curies":[{"name":"wp","href":"https:\/\/api.w.org\/{rel}","templated":true}]}}