{"id":309,"date":"2008-02-12T23:11:40","date_gmt":"2008-02-12T22:11:40","guid":{"rendered":"http:\/\/www.cdlpv.org\/dtl\/?p=309"},"modified":"2008-02-12T23:11:40","modified_gmt":"2008-02-12T22:11:40","slug":"declaracio-de-paris","status":"publish","type":"post","link":"https:\/\/www.cdlpv.org\/dtl\/2008\/02\/12\/declaracio-de-paris\/","title":{"rendered":"Declaraci\u00f3 de Par\u00eds"},"content":{"rendered":"<p>El diari <em>Avui<\/em> <a href=\"http:\/\/www.avui.cat\/mon_politica\/detail.php?id=21229\" target=\"_blank\">(08.02.2008)<\/a> ens informa de la signatura de la Declaraci\u00f3 de Par\u00eds:<\/p>\n<blockquote>\n<h3>Bernat Joan ha explicat que volen treballar perqu\u00e8 la Uni\u00f3 Europea reconegui la pluralitat real de lleng\u00fces existents<\/h3>\n<h2>Catalunya, Pa\u00eds Basc i Gal\u00edcia signen la Declaraci\u00f3 de Par\u00eds per a la pluralitat ling\u00fc\u00edstica<\/h2>\n<p>El viceconseller de Pol\u00edtica Ling\u00fc\u00edstica del Govern Basc, Patxi Baztarrika, la secret\u00e0ria general de Pol\u00edtica Ling\u00fc\u00edstica de la Xunta de Gal\u00edcia, Marisol L\u00f3pez, i el secretari de Pol\u00edtica Ling\u00fc\u00edstica de la Generalitat de Catalunya, Bernat Joan, volen que la Uni\u00f3 Europea reconegui la pluralitat ling\u00fc\u00edstica<\/p>\n<p>El viceconseller de Pol\u00edtica Ling\u00fc\u00edstica del Govern Basc, Patxi Baztarrika, la secret\u00e0ria general de Pol\u00edtica Ling\u00fc\u00edstica de la Xunta de Gal\u00edcia, Marisol L\u00f3pez, i el secretari de Pol\u00edtica Ling\u00fc\u00edstica de la Generalitat de Catalunya, Bernat Joan, han signat aquest divendres la Declaraci\u00f3 de Par\u00eds per a la pluralitat ling\u00fc\u00edstica.<\/p>\n<p>Segons Bernat Joan la signatura d&#8217;aquest document \u00e9s important perqu\u00e8 \u00abexpressa les intencions del govern gallec, basc i catal\u00e0 de treballar conjuntament per aconseguir la pluralitat ling\u00fc\u00edstica no nom\u00e9s a l&#8217;Estat espanyol sin\u00f3 tamb\u00e9 a nivell europeu\u00bb. Tamb\u00e9 ha explicat que tenen intenci\u00f3 d&#8217;estendre aquest acord a les Illes Balears i ha afirmat que en la propera reuni\u00f3 d&#8217;aquest f\u00f2rum ja seran quatre membres.<\/p>\n<p>Bernat Joan ha explicat que volen treballar perqu\u00e8 la Uni\u00f3 Europea reconegui la pluralitat real de lleng\u00fces existents i perqu\u00e8 el gallec, el basc i el catal\u00e0 hi tinguin l&#8217;espai que els correspon, que seria el de lleng\u00fces oficials, amb igualtat de condicions amb altres lleng\u00fces similars com podrien ser el \u00ablet\u00f3, el litu\u00e0, el txec o l&#8217;eslov\u00e8 o l&#8217;eslovac que s\u00f3n comparables des de molts punts de vista amb les nostres lleng\u00fces\u00bb. Igualment Bernat Joan ha informat que es vol establir un f\u00f2rum per la pol\u00edtica ling\u00fc\u00edstica on hi prendran part els governs d&#8217;Esc\u00f2cia, del Pa\u00eds de Gal\u00b7les i de Flandes.<\/p>\n<p>La Declaraci\u00f3 de Par\u00eds per a la pluralitat ling\u00fc\u00edstica s&#8217;ha signat aquest divendres a la fira Expolangues que se celebra a Par\u00eds i tamb\u00e9 se situa en el marc de l&#8217;Any Internacional de les Lleng\u00fces i el protocol de col\u00b7laboraci\u00f3 signat per les tres institucions, basca, gallega i catalana, en mat\u00e8ria de pol\u00edtica ling\u00fc\u00edstica.<\/p><\/blockquote>\n<p>Esperem que eixa signatura siga un acte que pugam recordar amb satisfacci\u00f3 quan fullegem les hemeroteques. Els valencians, per ara, absents.<\/p>\n","protected":false},"excerpt":{"rendered":"<p>El diari Avui (08.02.2008) ens informa de la signatura de la Declaraci\u00f3 de Par\u00eds: Bernat Joan ha explicat que volen treballar perqu\u00e8 la Uni\u00f3 Europea reconegui la pluralitat real de lleng\u00fces existents Catalunya, Pa\u00eds Basc i Gal\u00edcia signen la Declaraci\u00f3 de Par\u00eds per a la pluralitat ling\u00fc\u00edstica El viceconseller de Pol\u00edtica Ling\u00fc\u00edstica del Govern Basc, [&hellip;]<\/p>\n","protected":false},"author":2,"featured_media":0,"comment_status":"open","ping_status":"open","sticky":false,"template":"","format":"standard","meta":{"footnotes":""},"categories":[4,1,19,35],"tags":[359],"class_list":["post-309","post","type-post","status-publish","format-standard","hentry","category-dret","category-general","category-politica","category-unio-europea","tag-patxi-baztarrika"],"_links":{"self":[{"href":"https:\/\/www.cdlpv.org\/dtl\/wp-json\/wp\/v2\/posts\/309","targetHints":{"allow":["GET"]}}],"collection":[{"href":"https:\/\/www.cdlpv.org\/dtl\/wp-json\/wp\/v2\/posts"}],"about":[{"href":"https:\/\/www.cdlpv.org\/dtl\/wp-json\/wp\/v2\/types\/post"}],"author":[{"embeddable":true,"href":"https:\/\/www.cdlpv.org\/dtl\/wp-json\/wp\/v2\/users\/2"}],"replies":[{"embeddable":true,"href":"https:\/\/www.cdlpv.org\/dtl\/wp-json\/wp\/v2\/comments?post=309"}],"version-history":[{"count":0,"href":"https:\/\/www.cdlpv.org\/dtl\/wp-json\/wp\/v2\/posts\/309\/revisions"}],"wp:attachment":[{"href":"https:\/\/www.cdlpv.org\/dtl\/wp-json\/wp\/v2\/media?parent=309"}],"wp:term":[{"taxonomy":"category","embeddable":true,"href":"https:\/\/www.cdlpv.org\/dtl\/wp-json\/wp\/v2\/categories?post=309"},{"taxonomy":"post_tag","embeddable":true,"href":"https:\/\/www.cdlpv.org\/dtl\/wp-json\/wp\/v2\/tags?post=309"}],"curies":[{"name":"wp","href":"https:\/\/api.w.org\/{rel}","templated":true}]}}