{"id":3084,"date":"2017-06-15T20:30:49","date_gmt":"2017-06-15T19:30:49","guid":{"rendered":"http:\/\/www.cdlpv.org\/dtl\/?p=3084"},"modified":"2017-06-15T17:36:55","modified_gmt":"2017-06-15T16:36:55","slug":"el-sufix-al-ar","status":"publish","type":"post","link":"https:\/\/www.cdlpv.org\/dtl\/2017\/06\/15\/el-sufix-al-ar\/","title":{"rendered":"El sufix <i>-al\/-ar<\/i>"},"content":{"rendered":"<p>El professor de la Universitat d&#8217;Alacant i <a href=\"https:\/\/www.avl.gva.es\/web\/academia\/academics\/-\/journal_content\/56\/31595\/68051\/27602\" target=\"_blank\" rel=\"noopener\">acad\u00e8mic<\/a> de l&#8217;<span class=\"versaleta\">avl<\/span> Jord Colomina i Castanyer\u00a0ha publicat un estudi\u00a0sobre el sufix <em>-al\/-ar<\/em>: <em>El sufix -al\/-ar amb valor col\u00b7lectiu, abundancial i augmentatiu. Un estudi de morfonologia l\u00e8xica iberoccitanorom\u00e0nica.<\/em> Ell mateix fa la presentaci\u00f3 de l&#8217;estudi en un v\u00eddeo elaborat pel Departament de Filologia Catalana de l&#8217;UA:<\/p>\n<blockquote><p><iframe loading=\"lazy\" src=\"https:\/\/www.youtube.com\/embed\/rM6Fg4pJNno\" width=\"560\" height=\"315\" frameborder=\"0\" allowfullscreen=\"allowfullscreen\"><\/iframe><\/p><\/blockquote>\n","protected":false},"excerpt":{"rendered":"<p>El professor de la Universitat d&#8217;Alacant i acad\u00e8mic de l&#8217;avl Jord Colomina i Castanyer\u00a0ha publicat un estudi\u00a0sobre el sufix -al\/-ar: El sufix -al\/-ar amb valor col\u00b7lectiu, abundancial i augmentatiu. Un estudi de morfonologia l\u00e8xica iberoccitanorom\u00e0nica. Ell mateix fa la presentaci\u00f3 de l&#8217;estudi en un v\u00eddeo elaborat pel Departament de Filologia Catalana de l&#8217;UA:<\/p>\n","protected":false},"author":56,"featured_media":0,"comment_status":"open","ping_status":"open","sticky":false,"template":"","format":"standard","meta":{"footnotes":""},"categories":[38,5,10,22],"tags":[227,287,529,492],"class_list":["post-3084","post","type-post","status-publish","format-standard","hentry","category-avl","category-edicio","category-formacio","category-recerca","tag-gramatica","tag-llengues","tag-morfologia","tag-universitat-dalacant"],"_links":{"self":[{"href":"https:\/\/www.cdlpv.org\/dtl\/wp-json\/wp\/v2\/posts\/3084","targetHints":{"allow":["GET"]}}],"collection":[{"href":"https:\/\/www.cdlpv.org\/dtl\/wp-json\/wp\/v2\/posts"}],"about":[{"href":"https:\/\/www.cdlpv.org\/dtl\/wp-json\/wp\/v2\/types\/post"}],"author":[{"embeddable":true,"href":"https:\/\/www.cdlpv.org\/dtl\/wp-json\/wp\/v2\/users\/56"}],"replies":[{"embeddable":true,"href":"https:\/\/www.cdlpv.org\/dtl\/wp-json\/wp\/v2\/comments?post=3084"}],"version-history":[{"count":2,"href":"https:\/\/www.cdlpv.org\/dtl\/wp-json\/wp\/v2\/posts\/3084\/revisions"}],"predecessor-version":[{"id":3087,"href":"https:\/\/www.cdlpv.org\/dtl\/wp-json\/wp\/v2\/posts\/3084\/revisions\/3087"}],"wp:attachment":[{"href":"https:\/\/www.cdlpv.org\/dtl\/wp-json\/wp\/v2\/media?parent=3084"}],"wp:term":[{"taxonomy":"category","embeddable":true,"href":"https:\/\/www.cdlpv.org\/dtl\/wp-json\/wp\/v2\/categories?post=3084"},{"taxonomy":"post_tag","embeddable":true,"href":"https:\/\/www.cdlpv.org\/dtl\/wp-json\/wp\/v2\/tags?post=3084"}],"curies":[{"name":"wp","href":"https:\/\/api.w.org\/{rel}","templated":true}]}}