{"id":3076,"date":"2017-06-03T18:55:23","date_gmt":"2017-06-03T17:55:23","guid":{"rendered":"http:\/\/www.cdlpv.org\/dtl\/?p=3076"},"modified":"2017-06-03T18:55:23","modified_gmt":"2017-06-03T17:55:23","slug":"cloenda-dels-40-anys-del-departament-de-filologia-catalana","status":"publish","type":"post","link":"https:\/\/www.cdlpv.org\/dtl\/2017\/06\/03\/cloenda-dels-40-anys-del-departament-de-filologia-catalana\/","title":{"rendered":"Cloenda dels 40 anys del Departament de Filologia Catalana"},"content":{"rendered":"<p align=\"left\">La commemoraci\u00f3 dels quaranta anys d&#8217;exist\u00e8ncia del Departament de Filologia Catalana de la Universitat de Val\u00e8ncia arriba al final amb els actes de cloenda el 30 de juny. El programa \u00e9s el seg\u00fcent:<\/p>\n<blockquote>\n<p style=\"text-align: center;\">COMMEMORACI\u00d3 DELS 40 ANYS DEL DEPARTAMENT DE FILOLOGIA CATALANA DE LA UNIVERSITAT DE VAL\u00c8NCIA<\/p>\n<p style=\"text-align: center;\">Palau de les Arts-Sala Magistral, 30 de juny de 2017<\/p>\n<p><b>Programa<\/b><\/p>\n<p>18:00 Salutaci\u00f3 als assistents, a c\u00e0rrec d\u2019 Emili Casanova, director del Departament<\/p>\n<p>18:05 Taula redona dels antics directors del departament sobre \u201cTraject\u00f2ria i principals fites del Departament\u201d, amb la participaci\u00f3 de Jaume P\u00e9rez Montaner, Antoni Ferrando, Manel P\u00e9rez Saldanya, Carme Barcel\u00f3, Joan Rafael Ramos i Ramon Rossell\u00f3. Modera: Maria Josep Cuenca.<\/p>\n<p>19:00 Presentaci\u00f3 del treball \u201cEls inicis del departament, des de 1976 a 1983\u201d, a c\u00e0rrec de Santi Cort\u00e9s.<\/p>\n<p>19:15 Presentaci\u00f3 del documental \u201c40 anys treballant per la llengua i la literatura\u201d, a c\u00e0rrec de Miquel Franc\u00e9s i Antoni Medall.<\/p>\n<p>20:00 Representaci\u00f3 de \u00abLe carnaval des animaux\u00bb, de Saint-Sa\u00ebns, a c\u00e0rrec de l\u2019Orquestra de la Universitat de Val\u00e8ncia\u201d, presentada i dirigida per Hilari Garcia.<\/p>\n<p>20:45 Paraules de comiat dels actes dels 40 anys, a c\u00e0rrec del Rector i de les autoritats.<\/p>\n<p><b>Sopar<\/b><\/p>\n<p>Els actes aniran seguits d\u2019un sopar de companyonia i de retrobament dels antics estudiants i professors a l\u2019hotel Porta de Val\u00e8ncia-Silken, Avinguda de Cardenal Benlloch, n\u00fam. 28, a les 21:45 h.<\/p>\n<p>Preu del sopar: 30 euros. Cal inscriure\u2019s abans del dia 15 de juny, fent un ingr\u00e9s pel concepte SOPAR 40 ANYS, en el Banc de Santander, C\/C.: ES84 0049 6721 62 2110026601.<\/p>\n<p>(Vegeu el men\u00fa: <span class=\"versaleta\"><a href=\"http:\/\/www.uv.es\/dep140\/Programacloenda40aniversariiMenusopar.pdf\" target=\"_blank\" rel=\"noopener noreferrer\">[pdf]<\/a><\/span>).<\/p>\n<p>Envieu correu electr\u00f2nic a: <a href=\"mailto:inmaculada.genoves@uv.es\" target=\"_blank\" rel=\"noopener noreferrer\">inmaculada.genoves@uv.es<\/a>, amb la confirmaci\u00f3 de la inscripci\u00f3 i de l\u2019ingr\u00e9s i la tria de carn o peix per al sopar.<\/p><\/blockquote>\n","protected":false},"excerpt":{"rendered":"<p>La commemoraci\u00f3 dels quaranta anys d&#8217;exist\u00e8ncia del Departament de Filologia Catalana de la Universitat de Val\u00e8ncia arriba al final amb els actes de cloenda el 30 de juny. El programa \u00e9s el seg\u00fcent: COMMEMORACI\u00d3 DELS 40 ANYS DEL DEPARTAMENT DE FILOLOGIA CATALANA DE LA UNIVERSITAT DE VAL\u00c8NCIA Palau de les Arts-Sala Magistral, 30 de juny [&hellip;]<\/p>\n","protected":false},"author":56,"featured_media":0,"comment_status":"open","ping_status":"open","sticky":false,"template":"","format":"standard","meta":{"footnotes":""},"categories":[2],"tags":[495],"class_list":["post-3076","post","type-post","status-publish","format-standard","hentry","category-comunicacio","tag-universitat-de-valencia"],"_links":{"self":[{"href":"https:\/\/www.cdlpv.org\/dtl\/wp-json\/wp\/v2\/posts\/3076","targetHints":{"allow":["GET"]}}],"collection":[{"href":"https:\/\/www.cdlpv.org\/dtl\/wp-json\/wp\/v2\/posts"}],"about":[{"href":"https:\/\/www.cdlpv.org\/dtl\/wp-json\/wp\/v2\/types\/post"}],"author":[{"embeddable":true,"href":"https:\/\/www.cdlpv.org\/dtl\/wp-json\/wp\/v2\/users\/56"}],"replies":[{"embeddable":true,"href":"https:\/\/www.cdlpv.org\/dtl\/wp-json\/wp\/v2\/comments?post=3076"}],"version-history":[{"count":1,"href":"https:\/\/www.cdlpv.org\/dtl\/wp-json\/wp\/v2\/posts\/3076\/revisions"}],"predecessor-version":[{"id":3077,"href":"https:\/\/www.cdlpv.org\/dtl\/wp-json\/wp\/v2\/posts\/3076\/revisions\/3077"}],"wp:attachment":[{"href":"https:\/\/www.cdlpv.org\/dtl\/wp-json\/wp\/v2\/media?parent=3076"}],"wp:term":[{"taxonomy":"category","embeddable":true,"href":"https:\/\/www.cdlpv.org\/dtl\/wp-json\/wp\/v2\/categories?post=3076"},{"taxonomy":"post_tag","embeddable":true,"href":"https:\/\/www.cdlpv.org\/dtl\/wp-json\/wp\/v2\/tags?post=3076"}],"curies":[{"name":"wp","href":"https:\/\/api.w.org\/{rel}","templated":true}]}}